{"id":17690,"date":"2011-06-14T09:49:18","date_gmt":"2011-06-14T12:49:18","guid":{"rendered":"http:\/\/www.r2cpress.com.br\/v1\/?p=17690"},"modified":"2011-06-14T09:49:43","modified_gmt":"2011-06-14T12:49:43","slug":"alfredo-amorim-da-silveira-em-10taques-15","status":"publish","type":"post","link":"https:\/\/www.r2cpress.com.br\/v1\/2011\/06\/14\/alfredo-amorim-da-silveira-em-10taques-15\/","title":{"rendered":"Alfredo Amorim da Silveira em: &#8220;10TAQUES&#8221;."},"content":{"rendered":"<p><center><em><strong>Itacar\u00e9 do Almada, Guaraci, Coaraci<\/strong><\/em><\/center><\/p>\n<p>\t <img align = \"left\" src = \"http:\/\/www.r2cpress.com.br\/v1\/wp-content\/uploads\/alfredo-amorim-nova.jpg\"\/>Jos\u00e9 Manoel Peruna, que ocupou na vila, criada em 1933, o cargo de arrecadador municipal, subdelegado de pol\u00edcia e cacauicultor, foi um dos desbravadores das matas onde hoje est\u00e1 situada esta cidade, e foi quem lhe deu o seu primeiro nome, Itacar\u00e9 do Almada. <\/p>\n<p>\tEm 1938 o Dr. M\u00e1rio Pessoa da Costa e Silva, Prefeito do Munic\u00edpio de Ilh\u00e9us, tendo em vista a observa\u00e7\u00e3o da Interventoria Federal no Estado, quanto \u00e0 conveni\u00eancia de evitar-se a mesma denomina\u00e7\u00e3o para diferentes popula\u00e7\u00f5es do Estado, e achando-se neste caso o distrito de Itacar\u00e9 do Almada, deste Munic\u00edpio, em rela\u00e7\u00e3o ao antigo Munic\u00edpio de Barra do Rio de Contas, que passou a chama-se Itacar\u00e9, resolveu mudar a denomina\u00e7\u00e3o do distrito ilheense para Guaracy, por escolha dos seus pr\u00f3prios habitantes.<\/p>\n<p><!--more--><\/p>\n<p>\tEm 1943, pelo mesmo motivo de duplicidade de nomes, no estado de S\u00e3o Paulo havia uma cidade com o mesmo nome, Guaraci teve que trocar de nome outra vez. Em uma grande reuni\u00e3o no Cine Rio Branco, sob a presid\u00eancia do administrador municipal, escolheram tr\u00eas nomes a serem apresentados ao Instituto Brasileiro de Geografia e Estat\u00edstica.<\/p>\n<p>\tToda a popula\u00e7\u00e3o teve o direito de opinar livremente sobre a escolha dos novos nomes, tendo sido estabelecido que fossem somente aceitos os nomes que lograssem apoio un\u00e2nime da maioria. Ap\u00f3s calorosos debates, foram aprovados por unanimidade os seguintes nomes: \u201cAlmadina\u201d, em homenagem ao antigo nome da vila e ao Rio Almada, apresentado pelo Dr. Juv\u00eancio Pery, administrador municipal, \u201cBrasilandia\u201d, apresentado pelo Sr. Nelson Leal Le\u00e3o, e \u201cIbiass\u00fa\u201d (Terra Grande), apresentado pelo Sr. Durval Torres, comerciante nesta vila. <\/p>\n<p>Nenhum dos nomes foi aprovado, resolvendo-se colocar o nome de Coaraci pelo motivo de ter o mesmo significado de \u201cGuaraci\u201d.<\/p>\n<p>Coaraci, do tupi Kwara\u2019sy, na mitologia tupi-guarani \u00e9 a representa\u00e7\u00e3o ou deidade do sol. No idioma nheengatu, o sol \u00e9 Coaraci, de co\u00e1, dia e ci, m\u00e3e. A m\u00e3e do dia, respons\u00e1vel pela luz diurna.<\/p>\n<p>Segundo classifica\u00e7\u00e3o do indianista Couto de Magalh\u00e3es, Coaraci, tamb\u00e9m chamado Quaraci, Guaraci, Coraci, Goaraci e Goraci, \u00e9 um dos tr\u00eas deuses superiores da teogonia tupi. Representa o sol, criador de todos os seres e o encarregado de dirigir o reino animal. Sob seu comando respondem diretamente o Uirapuru, Jurupari e a Uiara. Sua esposa e  irm\u00e3 \u00e9 Jac\u00ed, a lua. Mas esta sistematiza\u00e7\u00e3o \u00e9 questionada por diversos pesquisadores.<\/p>\n<p>O munic\u00edpio de Coaraci foi fundado em 12 de dezembro de 1952, e instalado em 7 de abril de 1955.<\/p>\n<p>Existindo neste munic\u00edpio uma localidade com o nome de Itacar\u00e9, o que vem estabelecer confus\u00e3o com a vila do mesmo nome, o governo do estado resolveu mudar a denomina\u00e7\u00e3o daquele distrito ilheense.<\/p>\n<p>Por escolha dos pr\u00f3prios habitantes de Itacar\u00e9 do Almada, o novo nome daquele distrito ser\u00e1 Guaracy.<\/p>\n<p>&#8212;<br \/>\nD. T. 24.05.1938 n.\u00ba 2999 1\u00aa pg.<\/p>\n","protected":false},"excerpt":{"rendered":"<p>Itacar\u00e9 do Almada, Guaraci, Coaraci Jos\u00e9 Manoel Peruna, que ocupou na vila, criada em 1933, o cargo de arrecadador municipal, subdelegado de pol\u00edcia e cacauicultor, foi um dos desbravadores das matas onde hoje est\u00e1 situada esta cidade, e foi quem lhe deu o seu primeiro nome, Itacar\u00e9 do Almada. Em 1938 o Dr. M\u00e1rio Pessoa [&hellip;]<\/p>\n","protected":false},"author":2,"featured_media":0,"comment_status":"open","ping_status":"open","sticky":false,"template":"","format":"standard","meta":{"_links_to":"","_links_to_target":""},"categories":[10],"tags":[],"_links":{"self":[{"href":"https:\/\/www.r2cpress.com.br\/v1\/wp-json\/wp\/v2\/posts\/17690"}],"collection":[{"href":"https:\/\/www.r2cpress.com.br\/v1\/wp-json\/wp\/v2\/posts"}],"about":[{"href":"https:\/\/www.r2cpress.com.br\/v1\/wp-json\/wp\/v2\/types\/post"}],"author":[{"embeddable":true,"href":"https:\/\/www.r2cpress.com.br\/v1\/wp-json\/wp\/v2\/users\/2"}],"replies":[{"embeddable":true,"href":"https:\/\/www.r2cpress.com.br\/v1\/wp-json\/wp\/v2\/comments?post=17690"}],"version-history":[{"count":4,"href":"https:\/\/www.r2cpress.com.br\/v1\/wp-json\/wp\/v2\/posts\/17690\/revisions"}],"predecessor-version":[{"id":17694,"href":"https:\/\/www.r2cpress.com.br\/v1\/wp-json\/wp\/v2\/posts\/17690\/revisions\/17694"}],"wp:attachment":[{"href":"https:\/\/www.r2cpress.com.br\/v1\/wp-json\/wp\/v2\/media?parent=17690"}],"wp:term":[{"taxonomy":"category","embeddable":true,"href":"https:\/\/www.r2cpress.com.br\/v1\/wp-json\/wp\/v2\/categories?post=17690"},{"taxonomy":"post_tag","embeddable":true,"href":"https:\/\/www.r2cpress.com.br\/v1\/wp-json\/wp\/v2\/tags?post=17690"}],"curies":[{"name":"wp","href":"https:\/\/api.w.org\/{rel}","templated":true}]}}