{"id":17698,"date":"2011-06-14T12:10:29","date_gmt":"2011-06-14T15:10:29","guid":{"rendered":"http:\/\/www.r2cpress.com.br\/v1\/?p=17698"},"modified":"2011-06-14T12:10:29","modified_gmt":"2011-06-14T15:10:29","slug":"enterrados-ultimos-corpos-dos-jovens-mortos-em-acidente-em-riachao-do-jacuipe","status":"publish","type":"post","link":"https:\/\/www.r2cpress.com.br\/v1\/2011\/06\/14\/enterrados-ultimos-corpos-dos-jovens-mortos-em-acidente-em-riachao-do-jacuipe\/","title":{"rendered":"Enterrados \u00faltimos corpos dos jovens mortos em acidente em Riach\u00e3o do Jacu\u00edpe"},"content":{"rendered":"<h3>O motorista envolvido no acidente deve se apresentar ainda hoje na Delegacia de Pol\u00edcia<\/h3>\n<h3><\/h3>\n<p>Foram enterrados, na manh\u00e3 desta ter\u00e7a-feira (14), os corpos de dois jovens v\u00edtimas do acidente que causou <strong><a title=\"Opens external link in new window\" href=\"http:\/\/www.correio24horas.com.br\/noticias\/detalhes\/detalhes-1\/artigo\/sete-jovens-morrem-em-aidente-no-municipio-nova-fatima\/\" target=\"_blank\">a morte de sete pessoas, em Riach\u00e3o do Jacu\u00edpe<\/a><\/strong>.  O motorista Nelson Ney Carneiro Cordeiro, 18, e Marcela Mascarenhas de  Oliveira Ara\u00fajo, 16 anos, foram os \u00faltimos a serem enterrados no  cemit\u00e9rio p\u00fablico da cidade por volta das 8h de hoje. Os outros cinco  corpos foram enterrados ontem (13) no mesmo cemit\u00e9rio.<br \/>\nDe  acordo com a pol\u00edcia o motorista envolvido no acidente que acabou com a  morte dos sete adolescentes neste domingo (12) deve se apresentar ainda  hoje na Delegacia de Pol\u00edcia de Riach\u00e3o do Jacu\u00edpe, a cerca de 200 km de  Salvador. A identidade do condutor ainda n\u00e3o foi revelada.<\/p>\n<p><img loading=\"lazy\" title=\"Foto: Reprodu\u00e7\u00e3o\/Acorda Cidade\" src=\"http:\/\/www.correio24horas.com.br\/uploads\/RTEmagicC_84ffe73f25.jpg.jpg\" alt=\"\" width=\"400\" height=\"114\" \/><br \/>\n<strong>Daiane, Ana Maria, Fl\u00e1via, Marcela e Nelson j\u00e1 foram enterrados em Riach\u00e3o<\/strong><strong> <\/strong><\/p>\n<p>Segundo  informa\u00e7\u00f5es do delegado respons\u00e1vel pelas investiga\u00e7\u00f5es, Carlos  Baqueiro, o advogado do motorista j\u00e1 entrou em contato com a pol\u00edcia e  garantiu o comparecimento do cliente \u00e0 delegacia. Ele conduzia um  caminh\u00e3o de placa JOJ-7376, de V\u00e1rzea Nova. O ve\u00edculo estava carregado  de m\u00e1rmore e seguia do munic\u00edpio de Ourol\u00e2ndia, pr\u00f3ximo a Jacobina, para  a capital baiana.<\/p>\n<p><strong>Acidente<\/strong><br \/>\n<!--more-->Sete jovens morreram em um  acidente ocorrido por volta das 23h da noite deste domingo (12), em  Vila Aparecida, um povoado na zona rural de Riach\u00e3o do Jacu\u00edpe. Segundo  da delegacia de Nova F\u00e1tima, cidade que fica pr\u00f3xima ao local do  acidente, Nelson Ney Carneiro Cordeiro, de 18 anos, conduzia o ve\u00edculo  que estava com os adolescentes, quando tentou fazer uma ultrapassagem e  bateu o carro de frente com um caminh\u00e3o.<\/p>\n<p>No ve\u00edculo estavam, al\u00e9m  do motorista Nelson, Ana Maria Guedes, de 17 anos; Fl\u00e1via Janaina de  Santana Oliveira, 18; Marcela Mascarenhas de Oliveira Ara\u00fajo, 16; Nelson  Ney Carneiro Cordeiro, 18, Daiane de Almeida Santos, 19; Rogelmo\u00a0 de  Oliveira Pereira, 18; e Elenilson de souza silva, 19 anos. As vitimas  s\u00e3o de Riach\u00e3o do Jacu\u00edpe e estavam indo para uma festa em Nova F\u00e1tima.<\/p>\n<p>&nbsp;<\/p>\n<p>&#8212;<\/p>\n<p><strong>Reda\u00e7\u00e3o CORREIO DA BAHIA<\/strong><\/p>\n<p>http:\/\/www.correio24horas.com.br\/noticias\/detalhes\/detalhes-1\/artigo\/enterrados-ultimos-corpos-dos-jovens-mortos-em-acidente-em-riachao-do-jacuipe\/<\/p>\n","protected":false},"excerpt":{"rendered":"<p>O motorista envolvido no acidente deve se apresentar ainda hoje na Delegacia de Pol\u00edcia Foram enterrados, na manh\u00e3 desta ter\u00e7a-feira (14), os corpos de dois jovens v\u00edtimas do acidente que causou a morte de sete pessoas, em Riach\u00e3o do Jacu\u00edpe. O motorista Nelson Ney Carneiro Cordeiro, 18, e Marcela Mascarenhas de Oliveira Ara\u00fajo, 16 anos, [&hellip;]<\/p>\n","protected":false},"author":2,"featured_media":0,"comment_status":"open","ping_status":"open","sticky":false,"template":"","format":"standard","meta":{"_links_to":"","_links_to_target":""},"categories":[25],"tags":[],"_links":{"self":[{"href":"https:\/\/www.r2cpress.com.br\/v1\/wp-json\/wp\/v2\/posts\/17698"}],"collection":[{"href":"https:\/\/www.r2cpress.com.br\/v1\/wp-json\/wp\/v2\/posts"}],"about":[{"href":"https:\/\/www.r2cpress.com.br\/v1\/wp-json\/wp\/v2\/types\/post"}],"author":[{"embeddable":true,"href":"https:\/\/www.r2cpress.com.br\/v1\/wp-json\/wp\/v2\/users\/2"}],"replies":[{"embeddable":true,"href":"https:\/\/www.r2cpress.com.br\/v1\/wp-json\/wp\/v2\/comments?post=17698"}],"version-history":[{"count":3,"href":"https:\/\/www.r2cpress.com.br\/v1\/wp-json\/wp\/v2\/posts\/17698\/revisions"}],"predecessor-version":[{"id":17701,"href":"https:\/\/www.r2cpress.com.br\/v1\/wp-json\/wp\/v2\/posts\/17698\/revisions\/17701"}],"wp:attachment":[{"href":"https:\/\/www.r2cpress.com.br\/v1\/wp-json\/wp\/v2\/media?parent=17698"}],"wp:term":[{"taxonomy":"category","embeddable":true,"href":"https:\/\/www.r2cpress.com.br\/v1\/wp-json\/wp\/v2\/categories?post=17698"},{"taxonomy":"post_tag","embeddable":true,"href":"https:\/\/www.r2cpress.com.br\/v1\/wp-json\/wp\/v2\/tags?post=17698"}],"curies":[{"name":"wp","href":"https:\/\/api.w.org\/{rel}","templated":true}]}}