{"id":17736,"date":"2011-06-15T00:02:15","date_gmt":"2011-06-15T03:02:15","guid":{"rendered":"http:\/\/www.r2cpress.com.br\/v1\/?p=17736"},"modified":"2011-06-15T00:02:15","modified_gmt":"2011-06-15T03:02:15","slug":"tentativa-de-assalto-no-pontal-ii","status":"publish","type":"post","link":"https:\/\/www.r2cpress.com.br\/v1\/2011\/06\/15\/tentativa-de-assalto-no-pontal-ii\/","title":{"rendered":"tentativa de assalto no pontal II"},"content":{"rendered":"<p>De: Anonimo<\/p>\n<p>Sempre morei no bairro do Pontal, mais especificamente nos entremeios da Pra\u00e7a S\u00e3o Jo\u00e3o Batista. Hoje, antes de sair de casa \u00e0s 18 hs, acessei o site do R2CPRESS, quando visualizei a not\u00edcia sobre tentativa de assalto\/sequestro no Pontal, na Rua Coronel Pessoa, o que evidentemente me causou preocupa\u00e7\u00e3o . Mesmo assim prossegui para meu compromisso noturno, que fica pr\u00f3ximo da minha casa, de modo que de onde eu estou d\u00e1 para visualizar a minha porta. E por incr\u00edvel que pare\u00e7a, por estar numa localidade privilegiada, pude ver tr\u00eas rapazes vestidos com bermudas e casacos, com o capuz do casaco na cabe\u00e7a justamente aonde? Na porta de minha casa! Com a descri\u00e7\u00e3o parecida da not\u00edcia que eu havia acabado de ler. Eles tentavam abrir o port\u00e3o, for\u00e7ando, e agiam rapidamente. Minha rea\u00e7\u00e3o imediatamente foi ligar para casa e pedir que ningu\u00e9m se aproximasse da porta. Nesse meio tempo, n\u00e3o conseguindo abrir a porta, sairam, por volta das 19:20 hs. Quando cheguei em casa, fui informada que na hora que fiz a liga\u00e7\u00e3o, momentos antes, meu familiar havia acabado de entrar em casa com o carro, e que teria visualizado esses tr\u00eas rapazes na pra\u00e7a, mas eles n\u00e3o teriam feito nada at\u00e9 que a pessoa entrasse em casa. CONCLUS\u00c3O: A inten\u00e7\u00e3o deles \u00e9 render a pessoa, entrar e roubar, quando n\u00e3o, arrombar.<br \/>\nPe\u00e7o que as entidades de seguran\u00e7a p\u00fablica, especialmente \u00e0 Pol\u00edcia Militar, que frequentemente vejo pela Avenida Lomanto J\u00fanior, tamb\u00e9m fa\u00e7a ronda pelas ruas do Pontal, pois a sensa\u00e7\u00e3o \u00e9 de que cada vez mais estamos em perigo.<\/p>\n<p>Agrade\u00e7o<\/p>\n","protected":false},"excerpt":{"rendered":"<p>De: Anonimo Sempre morei no bairro do Pontal, mais especificamente nos entremeios da Pra\u00e7a S\u00e3o Jo\u00e3o Batista. Hoje, antes de sair de casa \u00e0s 18 hs, acessei o site do R2CPRESS, quando visualizei a not\u00edcia sobre tentativa de assalto\/sequestro no Pontal, na Rua Coronel Pessoa, o que evidentemente me causou preocupa\u00e7\u00e3o . Mesmo assim prossegui [&hellip;]<\/p>\n","protected":false},"author":2,"featured_media":0,"comment_status":"open","ping_status":"open","sticky":false,"template":"","format":"standard","meta":{"_links_to":"","_links_to_target":""},"categories":[10],"tags":[],"_links":{"self":[{"href":"https:\/\/www.r2cpress.com.br\/v1\/wp-json\/wp\/v2\/posts\/17736"}],"collection":[{"href":"https:\/\/www.r2cpress.com.br\/v1\/wp-json\/wp\/v2\/posts"}],"about":[{"href":"https:\/\/www.r2cpress.com.br\/v1\/wp-json\/wp\/v2\/types\/post"}],"author":[{"embeddable":true,"href":"https:\/\/www.r2cpress.com.br\/v1\/wp-json\/wp\/v2\/users\/2"}],"replies":[{"embeddable":true,"href":"https:\/\/www.r2cpress.com.br\/v1\/wp-json\/wp\/v2\/comments?post=17736"}],"version-history":[{"count":2,"href":"https:\/\/www.r2cpress.com.br\/v1\/wp-json\/wp\/v2\/posts\/17736\/revisions"}],"predecessor-version":[{"id":17738,"href":"https:\/\/www.r2cpress.com.br\/v1\/wp-json\/wp\/v2\/posts\/17736\/revisions\/17738"}],"wp:attachment":[{"href":"https:\/\/www.r2cpress.com.br\/v1\/wp-json\/wp\/v2\/media?parent=17736"}],"wp:term":[{"taxonomy":"category","embeddable":true,"href":"https:\/\/www.r2cpress.com.br\/v1\/wp-json\/wp\/v2\/categories?post=17736"},{"taxonomy":"post_tag","embeddable":true,"href":"https:\/\/www.r2cpress.com.br\/v1\/wp-json\/wp\/v2\/tags?post=17736"}],"curies":[{"name":"wp","href":"https:\/\/api.w.org\/{rel}","templated":true}]}}