{"id":17784,"date":"2011-06-15T22:00:00","date_gmt":"2011-06-16T01:00:00","guid":{"rendered":"http:\/\/www.r2cpress.com.br\/v1\/?p=17784"},"modified":"2011-06-15T22:00:00","modified_gmt":"2011-06-16T01:00:00","slug":"e-uma-vergonha","status":"publish","type":"post","link":"https:\/\/www.r2cpress.com.br\/v1\/2011\/06\/15\/e-uma-vergonha\/","title":{"rendered":"\u00e9 uma vergonha"},"content":{"rendered":"<p>De: roque <roque -71@hotmail.com><br \/>\nAssunto: \u00e9 uma vergonha<\/p>\n<p>Corpo da mensagem:<br \/>\nPREFEITURA DAR CALOTE NO ALUGUEL DO M\u00d3DULO POLICIAL<\/p>\n<p>O m\u00f3dulo policial da comunidade do Salobrinho, em Ilh\u00e9us, est\u00e1 fechado h\u00e1 mais de uma semana. O cub\u00edculo onde ficavam tr\u00eas policiais durante todo o dia \u00e9 alugado, e cabe a prefeitura pagar a mensalidade. O munic\u00edpio n\u00e3o honrou o compromisso e o dono do im\u00f3vel pediu as chaves de volta. Resta saber at\u00e9 quando o bairro ficar\u00e1 sem policiamento.<\/p>\n<p>&#8212;<br \/>\nEsta mensagem foi enviada atrav\u00e9s do formul\u00e1rio de contato do site R2CPRESS | A Letra Fria da Verdade http:\/\/www.r2cpress.com.br\/v1<\/roque><\/p>\n","protected":false},"excerpt":{"rendered":"<p>De: roque Assunto: \u00e9 uma vergonha Corpo da mensagem: PREFEITURA DAR CALOTE NO ALUGUEL DO M\u00d3DULO POLICIAL O m\u00f3dulo policial da comunidade do Salobrinho, em Ilh\u00e9us, est\u00e1 fechado h\u00e1 mais de uma semana. O cub\u00edculo onde ficavam tr\u00eas policiais durante todo o dia \u00e9 alugado, e cabe a prefeitura pagar a mensalidade. O munic\u00edpio n\u00e3o [&hellip;]<\/p>\n","protected":false},"author":2,"featured_media":0,"comment_status":"open","ping_status":"open","sticky":false,"template":"","format":"standard","meta":{"_links_to":"","_links_to_target":""},"categories":[10],"tags":[],"_links":{"self":[{"href":"https:\/\/www.r2cpress.com.br\/v1\/wp-json\/wp\/v2\/posts\/17784"}],"collection":[{"href":"https:\/\/www.r2cpress.com.br\/v1\/wp-json\/wp\/v2\/posts"}],"about":[{"href":"https:\/\/www.r2cpress.com.br\/v1\/wp-json\/wp\/v2\/types\/post"}],"author":[{"embeddable":true,"href":"https:\/\/www.r2cpress.com.br\/v1\/wp-json\/wp\/v2\/users\/2"}],"replies":[{"embeddable":true,"href":"https:\/\/www.r2cpress.com.br\/v1\/wp-json\/wp\/v2\/comments?post=17784"}],"version-history":[{"count":2,"href":"https:\/\/www.r2cpress.com.br\/v1\/wp-json\/wp\/v2\/posts\/17784\/revisions"}],"predecessor-version":[{"id":17786,"href":"https:\/\/www.r2cpress.com.br\/v1\/wp-json\/wp\/v2\/posts\/17784\/revisions\/17786"}],"wp:attachment":[{"href":"https:\/\/www.r2cpress.com.br\/v1\/wp-json\/wp\/v2\/media?parent=17784"}],"wp:term":[{"taxonomy":"category","embeddable":true,"href":"https:\/\/www.r2cpress.com.br\/v1\/wp-json\/wp\/v2\/categories?post=17784"},{"taxonomy":"post_tag","embeddable":true,"href":"https:\/\/www.r2cpress.com.br\/v1\/wp-json\/wp\/v2\/tags?post=17784"}],"curies":[{"name":"wp","href":"https:\/\/api.w.org\/{rel}","templated":true}]}}