{"id":17811,"date":"2011-06-16T09:41:18","date_gmt":"2011-06-16T12:41:18","guid":{"rendered":"http:\/\/www.r2cpress.com.br\/v1\/?p=17811"},"modified":"2011-06-16T09:41:18","modified_gmt":"2011-06-16T12:41:18","slug":"ilheense-no-mma-norte-americano","status":"publish","type":"post","link":"https:\/\/www.r2cpress.com.br\/v1\/2011\/06\/16\/ilheense-no-mma-norte-americano\/","title":{"rendered":"Ilheense no MMA Norte Americano"},"content":{"rendered":"<p>De: marcelo de lima <marcelosdelima @yahoo.com.br><br \/>\nAssunto: Ilheense no MMA Norte Americano<\/p>\n<p>Corpo da mensagem:<br \/>\nVenho atraves desta agradecer por todo apoio na divulga\u00e7ao dos feitos do nosso BBmonstro. Sempre postando as noticias.<\/p>\n<p>http:\/\/www.r2cpress.com.br\/v1\/2011\/02\/27\/ilheense-vence-sua-oitava-luta-no-mma-norte-americano\/#comments<\/p>\n<p>Link de uma noticia aqui postada em fevereiro ultimo.<\/p>\n<p>Este evento, est\u00e1 sendo agora transmitido pelo canal pago MGM. Ouvi umas piadinhas por ser evento reprisado. Mas o que importa mesmo \u00e9 que o garoto que saiu daqui de Ilh\u00e9us aos poucos vai conquistando espa\u00e7o. Quem teve a oportunidade de ver a transmiss\u00e3o, viu ele relatando sua origem, e o destaque que outros baianos como o Mestre Cesar e o tamb\u00e9m Ilheense Daniel Valverde vem alcan\u00e7ando l\u00e1 fora.<\/p>\n<p>Em epoca em que Ilh\u00e9us s\u00f3 tem manchete ruim no cenario politico, fica o orgulho de ver alguns de seus filhos nos dando essa alegria!!!<\/p>\n<p>Grato&#8230;<\/p>\n<p>&#8212;<br \/>\nEsta mensagem foi enviada atrav\u00e9s do formul\u00e1rio de contato do site R2CPRESS | A Letra Fria da Verdade http:\/\/www.r2cpress.com.br\/v1<\/marcelosdelima><\/p>\n","protected":false},"excerpt":{"rendered":"<p>De: marcelo de lima Assunto: Ilheense no MMA Norte Americano Corpo da mensagem: Venho atraves desta agradecer por todo apoio na divulga\u00e7ao dos feitos do nosso BBmonstro. Sempre postando as noticias. http:\/\/www.r2cpress.com.br\/v1\/2011\/02\/27\/ilheense-vence-sua-oitava-luta-no-mma-norte-americano\/#comments Link de uma noticia aqui postada em fevereiro ultimo. Este evento, est\u00e1 sendo agora transmitido pelo canal pago MGM. Ouvi umas piadinhas por [&hellip;]<\/p>\n","protected":false},"author":2,"featured_media":0,"comment_status":"open","ping_status":"open","sticky":false,"template":"","format":"standard","meta":{"_links_to":"","_links_to_target":""},"categories":[10],"tags":[],"_links":{"self":[{"href":"https:\/\/www.r2cpress.com.br\/v1\/wp-json\/wp\/v2\/posts\/17811"}],"collection":[{"href":"https:\/\/www.r2cpress.com.br\/v1\/wp-json\/wp\/v2\/posts"}],"about":[{"href":"https:\/\/www.r2cpress.com.br\/v1\/wp-json\/wp\/v2\/types\/post"}],"author":[{"embeddable":true,"href":"https:\/\/www.r2cpress.com.br\/v1\/wp-json\/wp\/v2\/users\/2"}],"replies":[{"embeddable":true,"href":"https:\/\/www.r2cpress.com.br\/v1\/wp-json\/wp\/v2\/comments?post=17811"}],"version-history":[{"count":2,"href":"https:\/\/www.r2cpress.com.br\/v1\/wp-json\/wp\/v2\/posts\/17811\/revisions"}],"predecessor-version":[{"id":17813,"href":"https:\/\/www.r2cpress.com.br\/v1\/wp-json\/wp\/v2\/posts\/17811\/revisions\/17813"}],"wp:attachment":[{"href":"https:\/\/www.r2cpress.com.br\/v1\/wp-json\/wp\/v2\/media?parent=17811"}],"wp:term":[{"taxonomy":"category","embeddable":true,"href":"https:\/\/www.r2cpress.com.br\/v1\/wp-json\/wp\/v2\/categories?post=17811"},{"taxonomy":"post_tag","embeddable":true,"href":"https:\/\/www.r2cpress.com.br\/v1\/wp-json\/wp\/v2\/tags?post=17811"}],"curies":[{"name":"wp","href":"https:\/\/api.w.org\/{rel}","templated":true}]}}