{"id":18035,"date":"2011-06-19T11:40:45","date_gmt":"2011-06-19T14:40:45","guid":{"rendered":"http:\/\/www.r2cpress.com.br\/v1\/?p=18035"},"modified":"2011-06-19T17:34:34","modified_gmt":"2011-06-19T20:34:34","slug":"bom-exemplo","status":"publish","type":"post","link":"https:\/\/www.r2cpress.com.br\/v1\/2011\/06\/19\/bom-exemplo\/","title":{"rendered":"BOM EXEMPLO"},"content":{"rendered":"<p><img align = \"left\" src = \"http:\/\/www.r2cpress.com.br\/v1\/wp-content\/uploads\/ze-carlos-junior-para-novo-site.jpg\"\/>A fama que se divulga do servidor p\u00fablico, seja federal, estadual ou municipal, \u00e0s vezes vai \u00e0 beira da goza\u00e7\u00e3o, de que faz corpo mole, que presta um p\u00e9ssimo atendimento, que n\u00e3o est\u00e1 nem a\u00ed para o p\u00fablico.<\/p>\n<p>Como funcion\u00e1rio p\u00fablico, hoje aposentado, n\u00e3o posso concordar com a totalidade dessas afirmativas, haja vista que n\u00e3o se pode generalizar uma situa\u00e7\u00e3o por causa de alguns que realmente procuram deturpar o ambiente do funcionalismo p\u00fablico, dando p\u00e9ssimos exemplos de postura, \u00e9tica e responsabilidade.<\/p>\n<p>N\u00e3o podemos considerar como funcion\u00e1rio p\u00fablico pleno os assessores pol\u00edticos e os apadrinhados que realmente est\u00e3o a\u00ed s\u00f3 para receber o sal\u00e1rio, esta \u00e9 uma situa\u00e7\u00e3o at\u00edpica, clara e vis\u00edvel pra todo mundo.<\/p>\n<p>Aqui na nossa cidade encontramos um bom exemplo de administra\u00e7\u00e3o p\u00fablica que est\u00e1 sendo colocada em pr\u00e1tica pelo SAC, institui\u00e7\u00e3o ligada ao governo estadual.<\/p>\n<p>J\u00e1 tinha recebido informa\u00e7\u00e3o de um amigo sobre o atendimento prestado pelo SAC e, pessoalmente, tive a oportunidade de necessitar do mesmo e realmente constatei a sua veracidade.<\/p>\n<p>Os seus funcion\u00e1rios se mostram motivados, o atendimento \u00e9 r\u00e1pido, as informa\u00e7\u00f5es s\u00e3o passadas de maneira correta, enfim, trata-se de uma grata surpresa e mostra que n\u00e3o se pode generalizar ou nivelar por baixo o funcion\u00e1rio p\u00fablico, seja efetivo ou contratado.<\/p>\n<p>Espero que a dire\u00e7\u00e3o do SAC continue com esta disposi\u00e7\u00e3o de proporcionar ao grande p\u00fablico a verdadeira aten\u00e7\u00e3o e atendimento que merece.<\/p>\n<p><strong>Z\u00c9CARLOS JUNIOR<\/strong><\/p>\n","protected":false},"excerpt":{"rendered":"<p>A fama que se divulga do servidor p\u00fablico, seja federal, estadual ou municipal, \u00e0s vezes vai \u00e0 beira da goza\u00e7\u00e3o, de que faz corpo mole, que presta um p\u00e9ssimo atendimento, que n\u00e3o est\u00e1 nem a\u00ed para o p\u00fablico. Como funcion\u00e1rio p\u00fablico, hoje aposentado, n\u00e3o posso concordar com a totalidade dessas afirmativas, haja vista que n\u00e3o [&hellip;]<\/p>\n","protected":false},"author":2,"featured_media":0,"comment_status":"open","ping_status":"open","sticky":false,"template":"","format":"standard","meta":{"_links_to":"","_links_to_target":""},"categories":[10],"tags":[],"_links":{"self":[{"href":"https:\/\/www.r2cpress.com.br\/v1\/wp-json\/wp\/v2\/posts\/18035"}],"collection":[{"href":"https:\/\/www.r2cpress.com.br\/v1\/wp-json\/wp\/v2\/posts"}],"about":[{"href":"https:\/\/www.r2cpress.com.br\/v1\/wp-json\/wp\/v2\/types\/post"}],"author":[{"embeddable":true,"href":"https:\/\/www.r2cpress.com.br\/v1\/wp-json\/wp\/v2\/users\/2"}],"replies":[{"embeddable":true,"href":"https:\/\/www.r2cpress.com.br\/v1\/wp-json\/wp\/v2\/comments?post=18035"}],"version-history":[{"count":5,"href":"https:\/\/www.r2cpress.com.br\/v1\/wp-json\/wp\/v2\/posts\/18035\/revisions"}],"predecessor-version":[{"id":18053,"href":"https:\/\/www.r2cpress.com.br\/v1\/wp-json\/wp\/v2\/posts\/18035\/revisions\/18053"}],"wp:attachment":[{"href":"https:\/\/www.r2cpress.com.br\/v1\/wp-json\/wp\/v2\/media?parent=18035"}],"wp:term":[{"taxonomy":"category","embeddable":true,"href":"https:\/\/www.r2cpress.com.br\/v1\/wp-json\/wp\/v2\/categories?post=18035"},{"taxonomy":"post_tag","embeddable":true,"href":"https:\/\/www.r2cpress.com.br\/v1\/wp-json\/wp\/v2\/tags?post=18035"}],"curies":[{"name":"wp","href":"https:\/\/api.w.org\/{rel}","templated":true}]}}