{"id":18060,"date":"2011-06-19T20:38:17","date_gmt":"2011-06-19T23:38:17","guid":{"rendered":"http:\/\/www.r2cpress.com.br\/v1\/?p=18060"},"modified":"2011-06-19T21:41:02","modified_gmt":"2011-06-20T00:41:02","slug":"carreata-em-brasilia-comemora-o-dia-mundial-do-fusca","status":"publish","type":"post","link":"https:\/\/www.r2cpress.com.br\/v1\/2011\/06\/19\/carreata-em-brasilia-comemora-o-dia-mundial-do-fusca\/","title":{"rendered":"Carreata em Bras\u00edlia comemora o Dia Mundial do Fusca"},"content":{"rendered":"<p><strong>Data \u00e9 comemorada oficialmente na quarta-feira (22).<br \/>\nCarreata passou por pontos tur\u00edsticos da cidade.<\/strong><\/p>\n<p>Ve\u00edculos raros, como um exemplar de 1961, participaram de carreata neste domingo (19), em Bras\u00edlia, em homenagem ao Dia Mundial do Fusca. (Foto: Marcelo Bressan \/ Divulga\u00e7\u00e3o)Ve\u00edculos raros participaram de carreata neste domingo (19), em Bras\u00edlia, em homenagem ao Dia Mundial do Fusca.<br \/>\n<center><div id=\"attachment_18061\" style=\"width: 310px\" class=\"wp-caption alignnone\"><a href=\"http:\/\/www.r2cpress.com.br\/v1\/wp-content\/uploads\/fusca1.jpg\"><img aria-describedby=\"caption-attachment-18061\" loading=\"lazy\" src=\"http:\/\/www.r2cpress.com.br\/v1\/wp-content\/uploads\/fusca1-300x225.jpg\" alt=\"\" title=\"fusca1\" width=\"300\" height=\"225\" class=\"size-medium wp-image-18061\" srcset=\"https:\/\/www.r2cpress.com.br\/v1\/wp-content\/uploads\/fusca1-300x225.jpg 300w, https:\/\/www.r2cpress.com.br\/v1\/wp-content\/uploads\/fusca1.jpg 620w\" sizes=\"(max-width: 300px) 100vw, 300px\" \/><\/a><p id=\"caption-attachment-18061\" class=\"wp-caption-text\">Clique para AMPLIAR.<\/p><\/div><br \/>\n(Foto: Marcelo Bressan \/ Divulga\u00e7\u00e3o)<br \/>\nCarros ser\u00e3o expostos em shopping do Cruzeiro \u00e0s quartas-feiras, a partir das 19h.<br \/>\n<div id=\"attachment_18062\" style=\"width: 310px\" class=\"wp-caption alignnone\"><a href=\"http:\/\/www.r2cpress.com.br\/v1\/wp-content\/uploads\/fusca2.jpg\"><img aria-describedby=\"caption-attachment-18062\" loading=\"lazy\" src=\"http:\/\/www.r2cpress.com.br\/v1\/wp-content\/uploads\/fusca2-300x225.jpg\" alt=\"\" title=\"fusca2\" width=\"300\" height=\"225\" class=\"size-medium wp-image-18062\" srcset=\"https:\/\/www.r2cpress.com.br\/v1\/wp-content\/uploads\/fusca2-300x225.jpg 300w, https:\/\/www.r2cpress.com.br\/v1\/wp-content\/uploads\/fusca2.jpg 620w\" sizes=\"(max-width: 300px) 100vw, 300px\" \/><\/a><p id=\"caption-attachment-18062\" class=\"wp-caption-text\">Clique para AMPLIAR.<\/p><\/div><br \/>\nFusca foi lan\u00e7ado h\u00e1 76 anos.<br \/>\n(Foto: Marcelo Bressan \/ Divulga\u00e7\u00e3o)Carros ser\u00e3o expostos em shopping do Cruzeiro \u00e0s quartas-feiras, a partir das 19h. Fusca foi lan\u00e7ado h\u00e1 76 anos. (Foto: Marcelo Bressan \/ Divulga\u00e7\u00e3o)<\/center><\/p>\n<p>&#8212;<br \/>\nDo <a href = \"http:\/\/g1.globo.com\/distrito-federal\/noticia\/2011\/06\/carreata-em-brasilia-comemora-o-dia-mundial-do-fusca.html\" target = \"_news\"><b>G1<\/b><\/a> DF<\/p>\n","protected":false},"excerpt":{"rendered":"<p>Data \u00e9 comemorada oficialmente na quarta-feira (22). Carreata passou por pontos tur\u00edsticos da cidade. Ve\u00edculos raros, como um exemplar de 1961, participaram de carreata neste domingo (19), em Bras\u00edlia, em homenagem ao Dia Mundial do Fusca. (Foto: Marcelo Bressan \/ Divulga\u00e7\u00e3o)Ve\u00edculos raros participaram de carreata neste domingo (19), em Bras\u00edlia, em homenagem ao Dia Mundial [&hellip;]<\/p>\n","protected":false},"author":2,"featured_media":0,"comment_status":"open","ping_status":"open","sticky":false,"template":"","format":"standard","meta":{"_links_to":"","_links_to_target":""},"categories":[13],"tags":[],"_links":{"self":[{"href":"https:\/\/www.r2cpress.com.br\/v1\/wp-json\/wp\/v2\/posts\/18060"}],"collection":[{"href":"https:\/\/www.r2cpress.com.br\/v1\/wp-json\/wp\/v2\/posts"}],"about":[{"href":"https:\/\/www.r2cpress.com.br\/v1\/wp-json\/wp\/v2\/types\/post"}],"author":[{"embeddable":true,"href":"https:\/\/www.r2cpress.com.br\/v1\/wp-json\/wp\/v2\/users\/2"}],"replies":[{"embeddable":true,"href":"https:\/\/www.r2cpress.com.br\/v1\/wp-json\/wp\/v2\/comments?post=18060"}],"version-history":[{"count":4,"href":"https:\/\/www.r2cpress.com.br\/v1\/wp-json\/wp\/v2\/posts\/18060\/revisions"}],"predecessor-version":[{"id":18067,"href":"https:\/\/www.r2cpress.com.br\/v1\/wp-json\/wp\/v2\/posts\/18060\/revisions\/18067"}],"wp:attachment":[{"href":"https:\/\/www.r2cpress.com.br\/v1\/wp-json\/wp\/v2\/media?parent=18060"}],"wp:term":[{"taxonomy":"category","embeddable":true,"href":"https:\/\/www.r2cpress.com.br\/v1\/wp-json\/wp\/v2\/categories?post=18060"},{"taxonomy":"post_tag","embeddable":true,"href":"https:\/\/www.r2cpress.com.br\/v1\/wp-json\/wp\/v2\/tags?post=18060"}],"curies":[{"name":"wp","href":"https:\/\/api.w.org\/{rel}","templated":true}]}}