{"id":18068,"date":"2011-06-19T21:46:46","date_gmt":"2011-06-20T00:46:46","guid":{"rendered":"http:\/\/www.r2cpress.com.br\/v1\/?p=18068"},"modified":"2011-06-19T21:46:46","modified_gmt":"2011-06-20T00:46:46","slug":"resposta-do-secretario-antonio-bezerra","status":"publish","type":"post","link":"https:\/\/www.r2cpress.com.br\/v1\/2011\/06\/19\/resposta-do-secretario-antonio-bezerra\/","title":{"rendered":"RESPOSTA DO SECRET\u00c1RIO ANTONIO BEZERRA"},"content":{"rendered":"<p><em>Meu prezado amigo e irm\u00e3o Z\u00c9 CARLOS:<\/p>\n<p>Na verdade nutrimos uma rela\u00e7\u00e3o de amizade s\u00f3lida e que jamais sofrer\u00e1 qualquer fissura at\u00e9 porque bem voc\u00ea sabe que eu n\u00e3o SOU SECRET\u00c1RIO apenas ESTOU SECRET\u00c1RIO DE ADMINISTRA\u00c7\u00c3O e mantenho o perfil constru\u00eddo ao longo de mais de quarenta anos como integrante da Sociedade Civil Organizada de nossa Ilh\u00e9us. <\/p>\n<p>Parabenizo voc\u00ea por ter uma participa\u00e7\u00e3o e preocupa\u00e7\u00e3o constante nos problemas de nossa querida Ilh\u00e9us. No que tange \u00e0 sua preocupa\u00e7\u00e3o em derredor do <a href = \"http:\/\/www.r2cpress.com.br\/v1\/2011\/06\/17\/recado-para-o-secretario-antonio-bezerra\/\" target = \"_news\"><b>cancelamento do Concurso<\/b><\/a>, gostaria de informar que no dia 16 de Junho p.p., a Douta Promotora da 9\u00aa Promotoria de Justi\u00e7a de Ilh\u00e9us promoveu uma Audi\u00eancia Extrajudicial contando com a participa\u00e7\u00e3o dos Secret\u00e1rios de Administra\u00e7\u00e3o e Educa\u00e7\u00e3o do Munic\u00edpio de Ilh\u00e9us; Vereadores que integram a Comiss\u00e3o de Educa\u00e7\u00e3o da C\u00e2mara de Vereadores de Ilh\u00e9us al\u00e9m do representante legal da Empresa S&#038;R Concursos e Pesquisas objetivando elucidar as d\u00favidas a respeito do Concurso P\u00fablico 001\/2011 do Munic\u00edpio de Ilh\u00e9us e dentre suas conclus\u00f5es entendeu a Representante do Minist\u00e9rio P\u00fablico que a fase edital\u00edcia do concurso encontra-se com sua discuss\u00e3o sobre eventuais erros e acertos superados, eis que foi objeto de procedimento pr\u00f3prio do Minist\u00e9rio P\u00fablico, com recebimento de diversas representa\u00e7\u00f5es, quer de pessoas f\u00edsica, quer de entidades, as quais, ap\u00f3s an\u00e1lise possibilitaram as erratas e modifica\u00e7\u00f5es no edital, inclusive a recomenda\u00e7\u00e3o expedida pelo Minist\u00e9rio P\u00fablico foi atendida pela Administra\u00e7\u00e3o com nova altera\u00e7\u00e3o no edital, for\u00e7ando o adiamento do calend\u00e1rio de Provas. <\/p>\n<p>A Douta Promotra aduziu naquela audi\u00eancia que as quest\u00f5es de eventual fraude s\u00e3o objetos de investiga\u00e7\u00e3o criminal e por serem quest\u00f5es pontuais n\u00e3o justificam a anula\u00e7\u00e3o do certame. Em rela\u00e7\u00e3o \u00e0 prova para professor para educa\u00e7\u00e3o infantil; fase de publicidade do resultado; republica\u00e7\u00e3o de listagem; publicar o resultado dos recursos; publicar a lista de classifica\u00e7\u00e3o com detalhamento das notas, a Douta Promotora entendeu que em face destas provid\u00eancias, a Empresa ir\u00e1 suspender a publica\u00e7\u00e3o do resultado definitivo, voltando a public\u00e1-la tamb\u00e9m no prazo de dez dias daquela audi\u00eancia, concomitante com as demais listagens acordadas na audi\u00eancia.<\/p>\n<p>V\u00ea-se assim, prezado Z\u00e9 Carlos, que o cancelamento do Concurso n\u00e3o depende diretamente do Secret\u00e1rio de Administra\u00e7\u00e3o. <\/p>\n<p>Desse modo, espero ter contribu\u00eddo para dirimir suas d\u00favidas e por certo dos leitores das mat\u00e9rias escorreitas de sua autoria e publicadas nesse conceituado r2cpress sob a Dire\u00e7\u00e3o do prezado amigo Rabat.<\/em><\/p>\n","protected":false},"excerpt":{"rendered":"<p>Meu prezado amigo e irm\u00e3o Z\u00c9 CARLOS: Na verdade nutrimos uma rela\u00e7\u00e3o de amizade s\u00f3lida e que jamais sofrer\u00e1 qualquer fissura at\u00e9 porque bem voc\u00ea sabe que eu n\u00e3o SOU SECRET\u00c1RIO apenas ESTOU SECRET\u00c1RIO DE ADMINISTRA\u00c7\u00c3O e mantenho o perfil constru\u00eddo ao longo de mais de quarenta anos como integrante da Sociedade Civil Organizada de [&hellip;]<\/p>\n","protected":false},"author":2,"featured_media":0,"comment_status":"open","ping_status":"open","sticky":false,"template":"","format":"standard","meta":{"_links_to":"","_links_to_target":""},"categories":[10],"tags":[],"_links":{"self":[{"href":"https:\/\/www.r2cpress.com.br\/v1\/wp-json\/wp\/v2\/posts\/18068"}],"collection":[{"href":"https:\/\/www.r2cpress.com.br\/v1\/wp-json\/wp\/v2\/posts"}],"about":[{"href":"https:\/\/www.r2cpress.com.br\/v1\/wp-json\/wp\/v2\/types\/post"}],"author":[{"embeddable":true,"href":"https:\/\/www.r2cpress.com.br\/v1\/wp-json\/wp\/v2\/users\/2"}],"replies":[{"embeddable":true,"href":"https:\/\/www.r2cpress.com.br\/v1\/wp-json\/wp\/v2\/comments?post=18068"}],"version-history":[{"count":2,"href":"https:\/\/www.r2cpress.com.br\/v1\/wp-json\/wp\/v2\/posts\/18068\/revisions"}],"predecessor-version":[{"id":18070,"href":"https:\/\/www.r2cpress.com.br\/v1\/wp-json\/wp\/v2\/posts\/18068\/revisions\/18070"}],"wp:attachment":[{"href":"https:\/\/www.r2cpress.com.br\/v1\/wp-json\/wp\/v2\/media?parent=18068"}],"wp:term":[{"taxonomy":"category","embeddable":true,"href":"https:\/\/www.r2cpress.com.br\/v1\/wp-json\/wp\/v2\/categories?post=18068"},{"taxonomy":"post_tag","embeddable":true,"href":"https:\/\/www.r2cpress.com.br\/v1\/wp-json\/wp\/v2\/tags?post=18068"}],"curies":[{"name":"wp","href":"https:\/\/api.w.org\/{rel}","templated":true}]}}