{"id":18096,"date":"2011-06-20T13:21:49","date_gmt":"2011-06-20T16:21:49","guid":{"rendered":"http:\/\/www.r2cpress.com.br\/v1\/?p=18096"},"modified":"2011-06-20T13:21:49","modified_gmt":"2011-06-20T16:21:49","slug":"opus-dei-9","status":"publish","type":"post","link":"https:\/\/www.r2cpress.com.br\/v1\/2011\/06\/20\/opus-dei-9\/","title":{"rendered":"OPUS DEI"},"content":{"rendered":"<p><center><img src = \"http:\/\/www.r2cpress.com.br\/v1\/wp-content\/uploads\/opusdei_0.jpg\"\/><br \/>\n<strong>BOLETIM 20 de junho de 2011<\/strong><\/center><br \/>\n<strong>Missas de S\u00e3o Josemaria em torno do dia 26 de junho no Brasil e no mundo. Editorial sobre o direito dos pais sobre a educa\u00e7\u00e3o dos filhos. Texto sobre a liberdade, a lei e a consci\u00eancia.<\/strong><\/p>\n<p><strong>O OPUS DEI NO BRASIL<\/strong><br \/>\nMissas de S\u00e3o Josemaria em 2011<br \/>\nNo pr\u00f3ximo dia 26 de junho a Igreja celebrar\u00e1 a festa de S\u00e3o Josemaria Escriv\u00e1. Para comemorar essa data, haver\u00e1 Missas em diversas cidades brasileiras. <a href = \"http:\/\/www.opusdei.org.br\/art.php?p=44399\" target = \"_news\"><b>[+]<\/b><\/a><\/p>\n<p><strong>NOT\u00cdCIAS<\/strong><br \/>\n26 de junho: Encontre sua Missa no Google Maps<br \/>\nwww.josemariaescriva.info oferece um mapa do Google com algumas das principais Missas que ser\u00e3o celebradas ao redor do dia 26 de junho, festa do fundador do Opus Dei. <a href = \"http:\/\/www.opusdei.org.br\/art.php?p=44389\" target = \"_news\"><b>[+]<\/b><\/a><\/p>\n<p><strong>CULTIVAR A F\u00c9<\/strong><br \/>\nTEMA 26. A liberdade, a lei e a consci\u00eancia<br \/>\nDeus quis a liberdade para que o homem busque a seu Criador e Redentor sem coa\u00e7\u00f5es. <a href = \"http:\/\/www.opusdei.org.br\/art.php?p=44284\" target = \"_news\"><b>[+]<\/b><\/a><\/p>\n<p><strong>O direito dos pais \u00e0 educa\u00e7\u00e3o dos filhos (I)<\/strong><br \/>\nEmbora se possam socorrer de outros colaboradores, os pais s\u00e3o sempre os principais respons\u00e1veis da educa\u00e7\u00e3o dos filhos, como \u00e9 salientado neste artigo. <a href = \"http:\/\/www.opusdei.org.br\/art.php?p=44350\" target = \"_news\"><b>[+]<\/b><\/a><\/p>\n","protected":false},"excerpt":{"rendered":"<p>BOLETIM 20 de junho de 2011 Missas de S\u00e3o Josemaria em torno do dia 26 de junho no Brasil e no mundo. Editorial sobre o direito dos pais sobre a educa\u00e7\u00e3o dos filhos. Texto sobre a liberdade, a lei e a consci\u00eancia. O OPUS DEI NO BRASIL Missas de S\u00e3o Josemaria em 2011 No pr\u00f3ximo [&hellip;]<\/p>\n","protected":false},"author":2,"featured_media":0,"comment_status":"open","ping_status":"open","sticky":false,"template":"","format":"standard","meta":{"_links_to":"","_links_to_target":""},"categories":[18],"tags":[],"_links":{"self":[{"href":"https:\/\/www.r2cpress.com.br\/v1\/wp-json\/wp\/v2\/posts\/18096"}],"collection":[{"href":"https:\/\/www.r2cpress.com.br\/v1\/wp-json\/wp\/v2\/posts"}],"about":[{"href":"https:\/\/www.r2cpress.com.br\/v1\/wp-json\/wp\/v2\/types\/post"}],"author":[{"embeddable":true,"href":"https:\/\/www.r2cpress.com.br\/v1\/wp-json\/wp\/v2\/users\/2"}],"replies":[{"embeddable":true,"href":"https:\/\/www.r2cpress.com.br\/v1\/wp-json\/wp\/v2\/comments?post=18096"}],"version-history":[{"count":5,"href":"https:\/\/www.r2cpress.com.br\/v1\/wp-json\/wp\/v2\/posts\/18096\/revisions"}],"predecessor-version":[{"id":18101,"href":"https:\/\/www.r2cpress.com.br\/v1\/wp-json\/wp\/v2\/posts\/18096\/revisions\/18101"}],"wp:attachment":[{"href":"https:\/\/www.r2cpress.com.br\/v1\/wp-json\/wp\/v2\/media?parent=18096"}],"wp:term":[{"taxonomy":"category","embeddable":true,"href":"https:\/\/www.r2cpress.com.br\/v1\/wp-json\/wp\/v2\/categories?post=18096"},{"taxonomy":"post_tag","embeddable":true,"href":"https:\/\/www.r2cpress.com.br\/v1\/wp-json\/wp\/v2\/tags?post=18096"}],"curies":[{"name":"wp","href":"https:\/\/api.w.org\/{rel}","templated":true}]}}