{"id":18168,"date":"2011-06-21T12:41:25","date_gmt":"2011-06-21T15:41:25","guid":{"rendered":"http:\/\/www.r2cpress.com.br\/v1\/?p=18168"},"modified":"2011-06-21T12:41:25","modified_gmt":"2011-06-21T15:41:25","slug":"reuniao-discutiu-criacao-de-conselho-comunitario-de-seguranca","status":"publish","type":"post","link":"https:\/\/www.r2cpress.com.br\/v1\/2011\/06\/21\/reuniao-discutiu-criacao-de-conselho-comunitario-de-seguranca\/","title":{"rendered":"REUNI\u00c3O DISCUTIU CRIA\u00c7\u00c3O DE CONSELHO COMUNIT\u00c1RIO DE SEGURAN\u00c7A"},"content":{"rendered":"<p>           <div id=\"attachment_18169\" style=\"width: 310px\" class=\"wp-caption alignleft\"><a href=\"http:\/\/www.r2cpress.com.br\/v1\/wp-content\/uploads\/DSC02264.jpg\"><img aria-describedby=\"caption-attachment-18169\" loading=\"lazy\" src=\"http:\/\/www.r2cpress.com.br\/v1\/wp-content\/uploads\/DSC02264-300x199.jpg\" alt=\"\" title=\"DSC02264\" width=\"300\" height=\"199\" class=\"size-medium wp-image-18169\" srcset=\"https:\/\/www.r2cpress.com.br\/v1\/wp-content\/uploads\/DSC02264-300x199.jpg 300w, https:\/\/www.r2cpress.com.br\/v1\/wp-content\/uploads\/DSC02264.jpg 680w\" sizes=\"(max-width: 300px) 100vw, 300px\" \/><\/a><p id=\"caption-attachment-18169\" class=\"wp-caption-text\">Clique para AMPLIAR.<\/p><\/div> Na manh\u00e3 de hoje (21\/06) o comandante da 69\u00aa CIPM Major Jos\u00e9 Carlos Galr\u00e3o Perdiz, que \u00e9 respons\u00e1vel pela zona sul do munic\u00edpio de Ilh\u00e9us, reuniu-se com representantes dos bairros e distritos daquela localidade para discutir sobre a necessidade da cria\u00e7\u00e3o de um conselho comunit\u00e1rio de seguran\u00e7a p\u00fablica.<\/p>\n<p>            Na oportunidade, foram discutidos aspectos legais sobre a cria\u00e7\u00e3o do conselho, assim como, quais s\u00e3o as principais necessidades reais da popula\u00e7\u00e3o local. Para reuni\u00e3o foram convidados os representantes das associa\u00e7\u00f5es de moradores e administradores dos distritos de toda zona sul.<\/p>\n<p>            \u201cNada melhor do que o pr\u00f3prio cidad\u00e3o para falar e discutir os aspectos que envolvem a seguran\u00e7a p\u00fablica de seu bairro, e o conselho comunit\u00e1rio da zona sul vai ser atuante, respeitar as exig\u00eancias legais e o principal: Buscar melhorar o n\u00edvel da seguran\u00e7a e proporcionar bem estar a popula\u00e7\u00e3o\u201d. Disse o comandante da companhia.<\/p>\n<p>            No encontro esteve presente o Capit\u00e3o Pm Edigar, que \u00e9 especialista em cria\u00e7\u00e3o de conselhos comunit\u00e1rios e respons\u00e1vel pelo PROERD- Programa educacional de resist\u00eancia as drogas em Ilh\u00e9us, a Sub Comandante da 69\u00aa CIPM Tenente Pm Elane e representantes dos bairros Hernani s\u00e1, Nossa Senhora da Vit\u00f3ria, Ilh\u00e9us II, Nelson Costa, Sapetinga, Couto, Condom\u00ednio \u00c1guas de Oliven\u00e7a, Sapucaeira, S\u00e3o Francisco, Areia Branca e B\u00fazios.<\/p>\n<p>A pr\u00f3xima reuni\u00e3o ficou marcada para o dia 13 de julho.   <\/p>\n<p>&#8212;<br \/>\nASCOM 69\u00aa CIPM<\/p>\n","protected":false},"excerpt":{"rendered":"<p>Na manh\u00e3 de hoje (21\/06) o comandante da 69\u00aa CIPM Major Jos\u00e9 Carlos Galr\u00e3o Perdiz, que \u00e9 respons\u00e1vel pela zona sul do munic\u00edpio de Ilh\u00e9us, reuniu-se com representantes dos bairros e distritos daquela localidade para discutir sobre a necessidade da cria\u00e7\u00e3o de um conselho comunit\u00e1rio de seguran\u00e7a p\u00fablica. Na oportunidade, foram discutidos aspectos legais sobre [&hellip;]<\/p>\n","protected":false},"author":2,"featured_media":0,"comment_status":"open","ping_status":"open","sticky":false,"template":"","format":"standard","meta":{"_links_to":"","_links_to_target":""},"categories":[25],"tags":[],"_links":{"self":[{"href":"https:\/\/www.r2cpress.com.br\/v1\/wp-json\/wp\/v2\/posts\/18168"}],"collection":[{"href":"https:\/\/www.r2cpress.com.br\/v1\/wp-json\/wp\/v2\/posts"}],"about":[{"href":"https:\/\/www.r2cpress.com.br\/v1\/wp-json\/wp\/v2\/types\/post"}],"author":[{"embeddable":true,"href":"https:\/\/www.r2cpress.com.br\/v1\/wp-json\/wp\/v2\/users\/2"}],"replies":[{"embeddable":true,"href":"https:\/\/www.r2cpress.com.br\/v1\/wp-json\/wp\/v2\/comments?post=18168"}],"version-history":[{"count":2,"href":"https:\/\/www.r2cpress.com.br\/v1\/wp-json\/wp\/v2\/posts\/18168\/revisions"}],"predecessor-version":[{"id":18171,"href":"https:\/\/www.r2cpress.com.br\/v1\/wp-json\/wp\/v2\/posts\/18168\/revisions\/18171"}],"wp:attachment":[{"href":"https:\/\/www.r2cpress.com.br\/v1\/wp-json\/wp\/v2\/media?parent=18168"}],"wp:term":[{"taxonomy":"category","embeddable":true,"href":"https:\/\/www.r2cpress.com.br\/v1\/wp-json\/wp\/v2\/categories?post=18168"},{"taxonomy":"post_tag","embeddable":true,"href":"https:\/\/www.r2cpress.com.br\/v1\/wp-json\/wp\/v2\/tags?post=18168"}],"curies":[{"name":"wp","href":"https:\/\/api.w.org\/{rel}","templated":true}]}}