{"id":18203,"date":"2011-06-21T15:34:44","date_gmt":"2011-06-21T18:34:44","guid":{"rendered":"http:\/\/www.r2cpress.com.br\/v1\/?p=18203"},"modified":"2011-06-21T15:34:44","modified_gmt":"2011-06-21T18:34:44","slug":"pre-deflagra-%e2%80%9coperacao-sao-joao%e2%80%9d-nesta-quinta-feira","status":"publish","type":"post","link":"https:\/\/www.r2cpress.com.br\/v1\/2011\/06\/21\/pre-deflagra-%e2%80%9coperacao-sao-joao%e2%80%9d-nesta-quinta-feira\/","title":{"rendered":"PRE deflagra \u201cOpera\u00e7\u00e3o S\u00e3o Jo\u00e3o\u201d nesta quinta-feira"},"content":{"rendered":"<p style=\"text-align: center;\"><strong>POL\u00cdCIA MILITAR DA BAHIA<\/strong><\/p>\n<p style=\"text-align: center;\"><strong>COMPANHIA INDEPENDENTE DE POL\u00cdCIA RODOVI\u00c1RIA ESTADUAL<\/strong><\/p>\n<p style=\"text-align: center;\"><strong>COMANDO DE POLICIAMENTO ESPECIALIZADO<\/strong><\/p>\n<p>&nbsp;<\/p>\n<p style=\"text-align: center;\"><strong>PRE deflagra \u201cOpera\u00e7\u00e3o S\u00e3o Jo\u00e3o\u201d nesta quinta-feira<\/strong><\/p>\n<p>&nbsp;<\/p>\n<div id=\"attachment_18204\" style=\"width: 310px\" class=\"wp-caption alignleft\"><a href=\"http:\/\/www.r2cpress.com.br\/v1\/wp-content\/uploads\/Foto-Ana-Paula-Pires-Policias-fazem-abordagem-na-tentativa-de-coibir-poss\u00edveis-assaltos.jpg\"><img aria-describedby=\"caption-attachment-18204\" loading=\"lazy\" class=\"size-medium wp-image-18204\" title=\"Foto Ana Paula Pires - \" src=\"http:\/\/www.r2cpress.com.br\/v1\/wp-content\/uploads\/Foto-Ana-Paula-Pires-Policias-fazem-abordagem-na-tentativa-de-coibir-poss\u00edveis-assaltos-300x225.jpg\" alt=\"\" width=\"300\" height=\"225\" srcset=\"https:\/\/www.r2cpress.com.br\/v1\/wp-content\/uploads\/Foto-Ana-Paula-Pires-Policias-fazem-abordagem-na-tentativa-de-coibir-poss\u00edveis-assaltos-300x225.jpg 300w, https:\/\/www.r2cpress.com.br\/v1\/wp-content\/uploads\/Foto-Ana-Paula-Pires-Policias-fazem-abordagem-na-tentativa-de-coibir-poss\u00edveis-assaltos.jpg 640w\" sizes=\"(max-width: 300px) 100vw, 300px\" \/><\/a><p id=\"caption-attachment-18204\" class=\"wp-caption-text\">Policias fazem abordagem na tentativa de coibir poss\u00edveis assaltos<\/p><\/div>\n<p>A \u201cOpera\u00e7\u00e3o S\u00e3o Jo\u00e3o\u201d da Companhia Independente de Pol\u00edcia Rodovi\u00e1ria Estadual dar\u00e1 inicio nesta quinta-feira (23), a partir das 8h horas, que se prolongar\u00e1 at\u00e9 as 8h00 da manh\u00e3 de segunda-feira, (27). O intuito \u00e9 de proporcionar mais seguran\u00e7a aos usu\u00e1rios de Rodovias Estaduais e reduzir o n\u00famero de acidentes nas estradas em rela\u00e7\u00e3o ao ano passado, onde n\u00e3o foi registrado nenhum acidente com vitima fatal.<\/p>\n<p>Em 2010 foram registrados 6 acidentes com v\u00edtima de porte leve e 11 sem v\u00edtimas. Tamb\u00e9m foram abordados, 1.308 pessoas, 773 autom\u00f3veis, 2 \u00f4nibus interestadual, 2 municipal, 132 caminh\u00f5es, 399 motos e 190 autos de infra\u00e7\u00e3o extra\u00eddos. Apenas 4 CNH e 27 CRLV foram recolhidas.<\/p>\n<p>Em seu hor\u00e1rio de folga, sob o comando do Major PM Lucas e a supervis\u00e3o do Capit\u00e3o PM Robson Farias, policiais militares rodovi\u00e1rios, em escala extraordin\u00e1ria, refor\u00e7ar\u00e3o a seguran\u00e7a neste feriad\u00e3o, al\u00e9m do efetivo ordin\u00e1rio j\u00e1 empregado nos postos ao longo das rodovias.<\/p>\n<p>Os PM desenvolver\u00e3o a\u00e7\u00f5es preventivas de abordagens a ve\u00edculos e a pessoas, fiscaliza\u00e7\u00e3o de documentos e ter\u00e3o o apoio de 15 viaturas. Para tanto a blitz ser\u00e1 intensificada nas cidades de Ilh\u00e9us, Itabuna, Ibicu\u00ed, Itoror\u00f3, Porto Seguro, Itanha\u00e9m, Medeiros Neto, Prado, Itagib\u00e1 e Ibirataia<strong>, <\/strong>onde acontecer\u00e3o festas juninas.<\/p>\n<p>Estas cidades compreendem as BR 415, BA 290, BA 001, BA 130, BA 650, e BA 263. Em geral, neste per\u00edodo h\u00e1 um aumento de 41% no fluxo de ve\u00edculos e por isso, o comandante da Unidade pede aten\u00e7\u00e3o redobrada na hora de dirigir, para evitar acidentes.<\/p>\n<p>Outro trecho perigoso a ser observado com cuidado pelo motorista \u00e9 a Serra de Itai\u00e1, situada aproximadamente a 15 km antes da cidade de Ibicu\u00ed e tamb\u00e9m o trecho Itap\u00e9\/Ibicara\u00ed, onde h\u00e1 animais na pista e onde possui o maior registro de acidentes com vitimas.<\/p>\n<p><strong>Dicas para uma viagem segura:<\/strong><\/p>\n<p><strong><!--more--><br \/>\n<\/strong><\/p>\n<p><strong>Cuidados com o ve\u00edculo:<\/strong><\/p>\n<p>1. Verifique o sistema de ilumina\u00e7\u00e3o;<\/p>\n<p>2. Cheque os pneus e estepe;<\/p>\n<p>3. Avalie os freios e suspens\u00e3o do ve\u00edculo;<\/p>\n<p>4. Verifique o combust\u00edvel e \u00f3leo;<\/p>\n<p>5. Os documentos de porte obrigat\u00f3rio devem estar atualizados;<\/p>\n<p>6. Principalmente no per\u00edodo de chuva, o funcionamento dos limpadores de para-brisas \u00e9 preponderante;<\/p>\n<p>7. Revise a parte el\u00e9trica para evitar surpresas desagrad\u00e1veis.<\/p>\n<p><strong>Cuidados para motociclistas:<\/strong><\/p>\n<ol>\n<li>Vista-se corretamente;<\/li>\n<li>Utilize o capacete;<\/li>\n<li>Revise o equipamento;<\/li>\n<li>Busque conforto com os acess\u00f3rios;<\/li>\n<li>\u00c9 recomend\u00e1vel que o motociclista leve na bagagem pe\u00e7as de reposi\u00e7\u00e3o mais sujeitas a quebras, tais como vela, l\u00e2mpadas, c\u00e2mara de ar, reparador instant\u00e2neo de pneu, ferramentas e cabos de comando (embreagem, freio e acelerador), a fim de evitar surpresas.<\/li>\n<li> \u00c9 preciso verificar se a corrente est\u00e1 ajustada, os engates perfeitos, graxa suficiente para evitar secura, se os parafusos est\u00e3o apertados e se o \u00f3leo \u00e9 suficiente como recomenda o fabricante;<\/li>\n<\/ol>\n<p><strong>Cuidados nas rodovias:<\/strong><\/p>\n<ol>\n<li>Siga sempre o limite de velocidade indicado na pista e tome cuidado com pedestres e ciclistas nas \u00e1reas urbanas das rodovias para evitar acidentes.<\/li>\n<li>Evitar a ultrapassagem perigosa;<\/li>\n<li>Em hip\u00f3tese alguma misturar bebida alco\u00f3lica e dire\u00e7\u00e3o;<\/li>\n<li>Dirigindo sob neblina intensa \u00e9 recomend\u00e1vel baixar os far\u00f3is para n\u00e3o prejudicar a visibilidade;<\/li>\n<li>Mantenha a dist\u00e2ncia segura;<\/li>\n<li>Lugar de crian\u00e7a \u00e9 na cadeira pr\u00f3pria e regulamentar;<\/li>\n<li>Use sempre o cinto de seguran\u00e7a;<\/li>\n<li>Respeite os limites de velocidade;<\/li>\n<li>No caso de problema mec\u00e2nico ou el\u00e9trico, pneu furado ou acidente, procure remover o ve\u00edculo da pista e acenda o pisca-alerta;<\/li>\n<li> Acostamento das rodovias n\u00e3o \u00e9 \u00e1rea para circula\u00e7\u00e3o de ve\u00edculos e constitui infra\u00e7\u00e3o de tr\u00e2nsito.<\/li>\n<\/ol>\n<p>&#8212;<\/p>\n<p>Por: Ana Paula Pires<\/p>\n<p>Itabuna, 21 de junho de 2011.<\/p>\n","protected":false},"excerpt":{"rendered":"<p>POL\u00cdCIA MILITAR DA BAHIA COMPANHIA INDEPENDENTE DE POL\u00cdCIA RODOVI\u00c1RIA ESTADUAL COMANDO DE POLICIAMENTO ESPECIALIZADO &nbsp; PRE deflagra \u201cOpera\u00e7\u00e3o S\u00e3o Jo\u00e3o\u201d nesta quinta-feira &nbsp; A \u201cOpera\u00e7\u00e3o S\u00e3o Jo\u00e3o\u201d da Companhia Independente de Pol\u00edcia Rodovi\u00e1ria Estadual dar\u00e1 inicio nesta quinta-feira (23), a partir das 8h horas, que se prolongar\u00e1 at\u00e9 as 8h00 da manh\u00e3 de segunda-feira, (27). [&hellip;]<\/p>\n","protected":false},"author":2,"featured_media":0,"comment_status":"open","ping_status":"open","sticky":false,"template":"","format":"standard","meta":{"_links_to":"","_links_to_target":""},"categories":[25],"tags":[],"_links":{"self":[{"href":"https:\/\/www.r2cpress.com.br\/v1\/wp-json\/wp\/v2\/posts\/18203"}],"collection":[{"href":"https:\/\/www.r2cpress.com.br\/v1\/wp-json\/wp\/v2\/posts"}],"about":[{"href":"https:\/\/www.r2cpress.com.br\/v1\/wp-json\/wp\/v2\/types\/post"}],"author":[{"embeddable":true,"href":"https:\/\/www.r2cpress.com.br\/v1\/wp-json\/wp\/v2\/users\/2"}],"replies":[{"embeddable":true,"href":"https:\/\/www.r2cpress.com.br\/v1\/wp-json\/wp\/v2\/comments?post=18203"}],"version-history":[{"count":3,"href":"https:\/\/www.r2cpress.com.br\/v1\/wp-json\/wp\/v2\/posts\/18203\/revisions"}],"predecessor-version":[{"id":18207,"href":"https:\/\/www.r2cpress.com.br\/v1\/wp-json\/wp\/v2\/posts\/18203\/revisions\/18207"}],"wp:attachment":[{"href":"https:\/\/www.r2cpress.com.br\/v1\/wp-json\/wp\/v2\/media?parent=18203"}],"wp:term":[{"taxonomy":"category","embeddable":true,"href":"https:\/\/www.r2cpress.com.br\/v1\/wp-json\/wp\/v2\/categories?post=18203"},{"taxonomy":"post_tag","embeddable":true,"href":"https:\/\/www.r2cpress.com.br\/v1\/wp-json\/wp\/v2\/tags?post=18203"}],"curies":[{"name":"wp","href":"https:\/\/api.w.org\/{rel}","templated":true}]}}