{"id":18227,"date":"2011-06-21T17:44:21","date_gmt":"2011-06-21T20:44:21","guid":{"rendered":"http:\/\/www.r2cpress.com.br\/v1\/?p=18227"},"modified":"2011-06-21T17:44:21","modified_gmt":"2011-06-21T20:44:21","slug":"corpos-de-piloto-e-empresaria-serao-cremados-no-rj","status":"publish","type":"post","link":"https:\/\/www.r2cpress.com.br\/v1\/2011\/06\/21\/corpos-de-piloto-e-empresaria-serao-cremados-no-rj\/","title":{"rendered":"Corpos de piloto e empres\u00e1ria ser\u00e3o cremados no RJ"},"content":{"rendered":"<p><div id=\"attachment_18228\" style=\"width: 310px\" class=\"wp-caption alignright\"><a href=\"http:\/\/www.r2cpress.com.br\/v1\/wp-content\/uploads\/235129.jpg\"><img aria-describedby=\"caption-attachment-18228\" loading=\"lazy\" src=\"http:\/\/www.r2cpress.com.br\/v1\/wp-content\/uploads\/235129-300x211.jpg\" alt=\"Transporte dos corpos foi feito em helic\u00f3ptero da FAB (Foto: Joa Souza | Ag\u00eancia A TARDE)\" title=\"Transporte dos corpos foi feito em helic\u00f3ptero da FAB (Foto: Joa Souza | Ag\u00eancia A TARDE)\" width=\"300\" height=\"211\" class=\"size-medium wp-image-18228\" srcset=\"https:\/\/www.r2cpress.com.br\/v1\/wp-content\/uploads\/235129-300x211.jpg 300w, https:\/\/www.r2cpress.com.br\/v1\/wp-content\/uploads\/235129.jpg 355w\" sizes=\"(max-width: 300px) 100vw, 300px\" \/><\/a><p id=\"caption-attachment-18228\" class=\"wp-caption-text\">Transporte dos corpos foi feito em helic\u00f3ptero da FAB (Foto: Joa Souza | Ag\u00eancia A TARDE)<\/p><\/div>Foram levados de Porto Seguro, a 709 km de Salvador, para o Rio  de Janeiro (RJ), na tarde desta ter\u00e7a-feira, 21, os corpos do piloto Marcelo Mattoso de Almeida e da empres\u00e1ria Jordana Kfouri Kavendisch, v\u00edtimas da queda do helic\u00f3ptero de prefixo PR-OMO, que caiu na noite de sexta-feira, em Trancoso, a 15 km de Porto Seguro.<\/p>\n<p>Sete pessoas \u2013 duas delas crian\u00e7as \u2013 estavam na aeronave e todas morreram. Os corpos de Marcelo e Jordana, encontrados entre a noite desta segunda e a manh\u00e3 desta ter\u00e7a, eram os \u00fanicos que faltavam ser resgatados.<\/p>\n<p>Segundo informou o advogado Loredano Aleixo J\u00fanior, que representa as fam\u00edlias na regi\u00e3o, os corpos ser\u00e3o cremados no Cremat\u00f3rio Santa Casa de Miseric\u00f3rdia, no bairro de S\u00e3o Crist\u00f3v\u00e3o, no Rio de Janeiro.<\/p>\n<p><!--more--><\/p>\n<p>A crema\u00e7\u00e3o est\u00e1 prevista para ocorrer ainda nesta ter\u00e7a, informou o advogado. Os corpos foram levados para o Rio de Janeiro num helic\u00f3ptero da For\u00e7a A\u00e9rea Brasileira (FAB), que saiu de Porto Seguro por volta das 14h30. Com o fim das buscas pelos corpos, resta apenas o resgate da cabine do helic\u00f3ptero, informou o coronel do Corpo de Bombeiros, Jos\u00e9 Braga Neto.<\/p>\n<p>Remo\u00e7\u00e3o &#8211; Segundo declarou o coronel, o resgate da cabine n\u00e3o tem previs\u00e3o de ocorrer, pois \u00e9 preciso reunir representantes do fabricante do helic\u00f3ptero e do Segundo Servi\u00e7o Regional de Investiga\u00e7\u00e3o e Preven\u00e7\u00e3o de Acidentes Aeron\u00e1uticos (Seripa 2), com sede em Recife (PE), respons\u00e1veis pelas investiga\u00e7\u00f5es do acidente.<\/p>\n<p>A cabine est\u00e1 a uma dist\u00e2ncia de cerca de 250 metros da praia. V\u00e1rios destro\u00e7os foram resgatados e est\u00e3o em uma fazenda em Trancoso para serem periciados. Navios e barcos de salvamento foram retirados do local do acidente na tarde desta ter\u00e7a-feira.<\/p>\n<p>&#8212;<br \/>\nNo <a href = \"http:\/\/www.atardeonline.com.br\/cidades\/noticia.jsf?id=5737221\" target = \"_news\"><b>A TARDE ON LINE<\/b><\/a><\/p>\n","protected":false},"excerpt":{"rendered":"<p>Foram levados de Porto Seguro, a 709 km de Salvador, para o Rio de Janeiro (RJ), na tarde desta ter\u00e7a-feira, 21, os corpos do piloto Marcelo Mattoso de Almeida e da empres\u00e1ria Jordana Kfouri Kavendisch, v\u00edtimas da queda do helic\u00f3ptero de prefixo PR-OMO, que caiu na noite de sexta-feira, em Trancoso, a 15 km de [&hellip;]<\/p>\n","protected":false},"author":2,"featured_media":0,"comment_status":"open","ping_status":"open","sticky":false,"template":"","format":"standard","meta":{"_links_to":"","_links_to_target":""},"categories":[18],"tags":[],"_links":{"self":[{"href":"https:\/\/www.r2cpress.com.br\/v1\/wp-json\/wp\/v2\/posts\/18227"}],"collection":[{"href":"https:\/\/www.r2cpress.com.br\/v1\/wp-json\/wp\/v2\/posts"}],"about":[{"href":"https:\/\/www.r2cpress.com.br\/v1\/wp-json\/wp\/v2\/types\/post"}],"author":[{"embeddable":true,"href":"https:\/\/www.r2cpress.com.br\/v1\/wp-json\/wp\/v2\/users\/2"}],"replies":[{"embeddable":true,"href":"https:\/\/www.r2cpress.com.br\/v1\/wp-json\/wp\/v2\/comments?post=18227"}],"version-history":[{"count":2,"href":"https:\/\/www.r2cpress.com.br\/v1\/wp-json\/wp\/v2\/posts\/18227\/revisions"}],"predecessor-version":[{"id":18230,"href":"https:\/\/www.r2cpress.com.br\/v1\/wp-json\/wp\/v2\/posts\/18227\/revisions\/18230"}],"wp:attachment":[{"href":"https:\/\/www.r2cpress.com.br\/v1\/wp-json\/wp\/v2\/media?parent=18227"}],"wp:term":[{"taxonomy":"category","embeddable":true,"href":"https:\/\/www.r2cpress.com.br\/v1\/wp-json\/wp\/v2\/categories?post=18227"},{"taxonomy":"post_tag","embeddable":true,"href":"https:\/\/www.r2cpress.com.br\/v1\/wp-json\/wp\/v2\/tags?post=18227"}],"curies":[{"name":"wp","href":"https:\/\/api.w.org\/{rel}","templated":true}]}}