{"id":18244,"date":"2011-06-21T20:22:07","date_gmt":"2011-06-21T23:22:07","guid":{"rendered":"http:\/\/www.r2cpress.com.br\/v1\/?p=18244"},"modified":"2011-06-21T20:22:07","modified_gmt":"2011-06-21T23:22:07","slug":"conselho-nacional-de-justica","status":"publish","type":"post","link":"https:\/\/www.r2cpress.com.br\/v1\/2011\/06\/21\/conselho-nacional-de-justica\/","title":{"rendered":"Conselho Nacional de Justi\u00e7a"},"content":{"rendered":"<p><a name=\"130b47183c369a47_content-14830\" href=\"http:\/\/www.cnj.jus.br\/index.php?option=com_acymailing&amp;ctrl=url&amp;urlid=1597&amp;mailid=481&amp;subid=18914\" target=\"_blank\"><\/p>\n<h2>CNJ nega provimento a recurso da OAB sobre trajes de advogados<\/h2>\n<p><\/a><img border=\"0\" alt=\"\" hspace=\"5\" align=\"left\" \/>O  Conselho Nacional de Justi\u00e7a negou provimento ao pedido de provid\u00eancias ajuizado pela  seccional fluminense da Ordem dos Advogados do Brasil (OAB-RJ)  envolvendo a utiliza\u00e7\u00e3o de trajes dos advogados nas audi\u00eancias dos tribunais.<br \/>\nA OAB alegou, no recurso, que a ju\u00edza da 5\u00aa Vara do Trabalho de Duque de  Caxias n\u00e3o teria cumprido a Resolu\u00e7\u00e3o n\u00ba 233\/2011 da OAB\/RJ, que autoriza os advogados usarem, no ver\u00e3o, apenas cal\u00e7a e camisa sociais. A  magistrada teria suspendido uma audi\u00eancia alegando que um advogado n\u00e3o estaria em trajes adequados para um tribunal.<br \/>\nO conselheiro do CNJ  Nelson Tomaz Braga, relator do recurso, entendeu que os tribunais  possuem autonomia para decidir sobre os trajes a serem usados dentro das  instala\u00e7\u00f5es do Poder Judici\u00e1rio. O conselheiro baseou o entendimento no  artigo 99 da Constitui\u00e7\u00e3o Federal, que prev\u00ea a autonomia administrativa e  financeira do Poder Judici\u00e1rio. O entendimento foi seguido pelos demais conselheiros do CNJ.<\/p>\n<p><em>Luiza de Carvalho<\/em><br \/>\n<em>Ag\u00eancia CNJ de Not\u00edcias<\/em><\/p>\n","protected":false},"excerpt":{"rendered":"<p>CNJ nega provimento a recurso da OAB sobre trajes de advogados O Conselho Nacional de Justi\u00e7a negou provimento ao pedido de provid\u00eancias ajuizado pela seccional fluminense da Ordem dos Advogados do Brasil (OAB-RJ) envolvendo a utiliza\u00e7\u00e3o de trajes dos advogados nas audi\u00eancias dos tribunais. A OAB alegou, no recurso, que a ju\u00edza da 5\u00aa Vara [&hellip;]<\/p>\n","protected":false},"author":2,"featured_media":0,"comment_status":"open","ping_status":"open","sticky":false,"template":"","format":"standard","meta":{"_links_to":"","_links_to_target":""},"categories":[16],"tags":[],"_links":{"self":[{"href":"https:\/\/www.r2cpress.com.br\/v1\/wp-json\/wp\/v2\/posts\/18244"}],"collection":[{"href":"https:\/\/www.r2cpress.com.br\/v1\/wp-json\/wp\/v2\/posts"}],"about":[{"href":"https:\/\/www.r2cpress.com.br\/v1\/wp-json\/wp\/v2\/types\/post"}],"author":[{"embeddable":true,"href":"https:\/\/www.r2cpress.com.br\/v1\/wp-json\/wp\/v2\/users\/2"}],"replies":[{"embeddable":true,"href":"https:\/\/www.r2cpress.com.br\/v1\/wp-json\/wp\/v2\/comments?post=18244"}],"version-history":[{"count":2,"href":"https:\/\/www.r2cpress.com.br\/v1\/wp-json\/wp\/v2\/posts\/18244\/revisions"}],"predecessor-version":[{"id":18246,"href":"https:\/\/www.r2cpress.com.br\/v1\/wp-json\/wp\/v2\/posts\/18244\/revisions\/18246"}],"wp:attachment":[{"href":"https:\/\/www.r2cpress.com.br\/v1\/wp-json\/wp\/v2\/media?parent=18244"}],"wp:term":[{"taxonomy":"category","embeddable":true,"href":"https:\/\/www.r2cpress.com.br\/v1\/wp-json\/wp\/v2\/categories?post=18244"},{"taxonomy":"post_tag","embeddable":true,"href":"https:\/\/www.r2cpress.com.br\/v1\/wp-json\/wp\/v2\/tags?post=18244"}],"curies":[{"name":"wp","href":"https:\/\/api.w.org\/{rel}","templated":true}]}}