{"id":18304,"date":"2011-06-22T15:38:37","date_gmt":"2011-06-22T18:38:37","guid":{"rendered":"http:\/\/www.r2cpress.com.br\/v1\/?p=18304"},"modified":"2011-06-22T15:38:37","modified_gmt":"2011-06-22T18:38:37","slug":"acao-policial-encerra-rebeliao-de-presos-no-conjunto-penal-de-lauro-de-freitas","status":"publish","type":"post","link":"https:\/\/www.r2cpress.com.br\/v1\/2011\/06\/22\/acao-policial-encerra-rebeliao-de-presos-no-conjunto-penal-de-lauro-de-freitas\/","title":{"rendered":"A\u00e7\u00e3o policial encerra rebeli\u00e3o de presos no Conjunto Penal de Lauro de Freitas"},"content":{"rendered":"<p><strong>A possibilidade de transfer\u00eancia de alguns presidi\u00e1rios para a Penitenci\u00e1ria Lemos Brito, em Salvador, teria motivado a revolta dos presos<\/strong><\/p>\n<p>A rebeli\u00e3o iniciada por detentos do Conjunto Penal de Lauro de Freitas no in\u00edcio da manh\u00e3 desta quarta-feira (22), terminou por volta das 14 horas ap\u00f3s entrada de cerca de 50 homens do batalh\u00e3o de choque da Pol\u00edcia Militar da Bahia, com o apoio de um helic\u00f3ptero do Grupamento A\u00e9reo da PM.<\/p>\n<p>A invas\u00e3o aconteceu \u00e0s 13 horas depois de mais 5 horas de rebeli\u00e3o no pres\u00eddio, onde alguns presos foram feitos ref\u00e9ns por colegas de cela, de acordo com informa\u00e7\u00f5es da Pol\u00edcia Militar.<\/p>\n<p>Segundo informa\u00e7\u00f5es de um agente da 81\u00aa Companhia Independente da Pol\u00edcia Militar (CIPM), a possibilidade de transfer\u00eancia de alguns presidi\u00e1rios para a Penitenci\u00e1ria Lemos Brito, em Salvador, teria motivado a revolta dos presos.<\/p>\n<p>Tr\u00eas mulheres de presidi\u00e1rios, que tinham realizado um protesto na frente do pres\u00eddio durante a manh\u00e3 contra a viol\u00eancia que seus maridos haviam sido submetidos, foram levadas por policiais para dentro do pres\u00eddio para verificar a situa\u00e7\u00e3o dos detentos. Uma delas deixou o local em um carro acompanhado de um homem ferido, que seria seu marido.<\/p>\n<p>* Com informa\u00e7\u00f5es da rep\u00f3rter fotogr\u00e1fica Marina Silva.<\/p>\n<p>&#8212;<br \/>\nReda\u00e7\u00e3o <a href = \"http:\/\/www.correio24horas.com.br\/noticias\/detalhes\/detalhes-1\/artigo\/acao-policial-encerra-rebeliao-de-presos-no-conjunto-penal-de-lauro-de-freitas\/\" target = \"_news\"><b>CORREIO DA BAHIA<\/b><\/a> <\/p>\n","protected":false},"excerpt":{"rendered":"<p>A possibilidade de transfer\u00eancia de alguns presidi\u00e1rios para a Penitenci\u00e1ria Lemos Brito, em Salvador, teria motivado a revolta dos presos A rebeli\u00e3o iniciada por detentos do Conjunto Penal de Lauro de Freitas no in\u00edcio da manh\u00e3 desta quarta-feira (22), terminou por volta das 14 horas ap\u00f3s entrada de cerca de 50 homens do batalh\u00e3o de [&hellip;]<\/p>\n","protected":false},"author":2,"featured_media":0,"comment_status":"open","ping_status":"open","sticky":false,"template":"","format":"standard","meta":{"_links_to":"","_links_to_target":""},"categories":[25],"tags":[],"_links":{"self":[{"href":"https:\/\/www.r2cpress.com.br\/v1\/wp-json\/wp\/v2\/posts\/18304"}],"collection":[{"href":"https:\/\/www.r2cpress.com.br\/v1\/wp-json\/wp\/v2\/posts"}],"about":[{"href":"https:\/\/www.r2cpress.com.br\/v1\/wp-json\/wp\/v2\/types\/post"}],"author":[{"embeddable":true,"href":"https:\/\/www.r2cpress.com.br\/v1\/wp-json\/wp\/v2\/users\/2"}],"replies":[{"embeddable":true,"href":"https:\/\/www.r2cpress.com.br\/v1\/wp-json\/wp\/v2\/comments?post=18304"}],"version-history":[{"count":4,"href":"https:\/\/www.r2cpress.com.br\/v1\/wp-json\/wp\/v2\/posts\/18304\/revisions"}],"predecessor-version":[{"id":18308,"href":"https:\/\/www.r2cpress.com.br\/v1\/wp-json\/wp\/v2\/posts\/18304\/revisions\/18308"}],"wp:attachment":[{"href":"https:\/\/www.r2cpress.com.br\/v1\/wp-json\/wp\/v2\/media?parent=18304"}],"wp:term":[{"taxonomy":"category","embeddable":true,"href":"https:\/\/www.r2cpress.com.br\/v1\/wp-json\/wp\/v2\/categories?post=18304"},{"taxonomy":"post_tag","embeddable":true,"href":"https:\/\/www.r2cpress.com.br\/v1\/wp-json\/wp\/v2\/tags?post=18304"}],"curies":[{"name":"wp","href":"https:\/\/api.w.org\/{rel}","templated":true}]}}