{"id":18370,"date":"2011-06-23T10:52:08","date_gmt":"2011-06-23T13:52:08","guid":{"rendered":"http:\/\/www.r2cpress.com.br\/v1\/?p=18370"},"modified":"2011-06-23T10:52:08","modified_gmt":"2011-06-23T13:52:08","slug":"pec-270","status":"publish","type":"post","link":"https:\/\/www.r2cpress.com.br\/v1\/2011\/06\/23\/pec-270\/","title":{"rendered":"PEC 270"},"content":{"rendered":"<p><center>Ol\u00e1,<br \/>\n<strong>Este v\u00eddeo veio &#8216;anexado&#8217; num e-mail que circula na net pedindo a aprova\u00e7\u00e3o da PEC 270.<br \/>\nMesmo com 211 requerimentos de deputados pela ordem do dia, Marco Maia n\u00e3o aprova a PEC 270<br \/>\nAcompanhe o depoimento desta brasileira invalida, doente e passando por grande sofrimento.<br \/>\nRabat<\/strong><br \/>\n<iframe loading=\"lazy\" width=\"425\" height=\"349\" src=\"http:\/\/www.youtube.com\/embed\/B9llghZOv-o\" frameborder=\"0\" allowfullscreen><\/iframe><\/center><\/p>\n","protected":false},"excerpt":{"rendered":"<p>Ol\u00e1, Este v\u00eddeo veio &#8216;anexado&#8217; num e-mail que circula na net pedindo a aprova\u00e7\u00e3o da PEC 270. Mesmo com 211 requerimentos de deputados pela ordem do dia, Marco Maia n\u00e3o aprova a PEC 270 Acompanhe o depoimento desta brasileira invalida, doente e passando por grande sofrimento. Rabat<\/p>\n","protected":false},"author":2,"featured_media":0,"comment_status":"open","ping_status":"open","sticky":false,"template":"","format":"standard","meta":{"_links_to":"","_links_to_target":""},"categories":[18],"tags":[],"_links":{"self":[{"href":"https:\/\/www.r2cpress.com.br\/v1\/wp-json\/wp\/v2\/posts\/18370"}],"collection":[{"href":"https:\/\/www.r2cpress.com.br\/v1\/wp-json\/wp\/v2\/posts"}],"about":[{"href":"https:\/\/www.r2cpress.com.br\/v1\/wp-json\/wp\/v2\/types\/post"}],"author":[{"embeddable":true,"href":"https:\/\/www.r2cpress.com.br\/v1\/wp-json\/wp\/v2\/users\/2"}],"replies":[{"embeddable":true,"href":"https:\/\/www.r2cpress.com.br\/v1\/wp-json\/wp\/v2\/comments?post=18370"}],"version-history":[{"count":3,"href":"https:\/\/www.r2cpress.com.br\/v1\/wp-json\/wp\/v2\/posts\/18370\/revisions"}],"predecessor-version":[{"id":18373,"href":"https:\/\/www.r2cpress.com.br\/v1\/wp-json\/wp\/v2\/posts\/18370\/revisions\/18373"}],"wp:attachment":[{"href":"https:\/\/www.r2cpress.com.br\/v1\/wp-json\/wp\/v2\/media?parent=18370"}],"wp:term":[{"taxonomy":"category","embeddable":true,"href":"https:\/\/www.r2cpress.com.br\/v1\/wp-json\/wp\/v2\/categories?post=18370"},{"taxonomy":"post_tag","embeddable":true,"href":"https:\/\/www.r2cpress.com.br\/v1\/wp-json\/wp\/v2\/tags?post=18370"}],"curies":[{"name":"wp","href":"https:\/\/api.w.org\/{rel}","templated":true}]}}