{"id":18375,"date":"2011-06-23T12:59:27","date_gmt":"2011-06-23T15:59:27","guid":{"rendered":"http:\/\/www.r2cpress.com.br\/v1\/?p=18375"},"modified":"2011-06-23T12:59:27","modified_gmt":"2011-06-23T15:59:27","slug":"baiano-burro-nasce-morto-meu-rei","status":"publish","type":"post","link":"https:\/\/www.r2cpress.com.br\/v1\/2011\/06\/23\/baiano-burro-nasce-morto-meu-rei\/","title":{"rendered":"BAIANO BURRO NASCE MORTO, MEU REI!"},"content":{"rendered":"<p><strong>Jos\u00e9 QUEIROZ<\/strong><\/p>\n<p>Salvador precisa urgentemente de um amplo debate, ou uma campanha, que esclare\u00e7a para os envolvidos com a pol\u00edtica da cidade, e do estado, o n\u00edvel de conhecimento, informa\u00e7\u00e3o e politiza\u00e7\u00e3o do seu povo! Estamos perdendo tempo, desperdi\u00e7ando recursos e comprometendo seriamente a sociedade com essa postura de pol\u00edticos. Em todos os tr\u00eas \u00faltimos eventos relacionados com o Pelourinho e o turismo, que reuniram o povo e o governo, e em todas as entrevistas dos pol\u00edticos que est\u00e3o a\u00ed, o \u00fanico culpado de todos os problemas de Salvador, \u00e9 o Antonio Carlos Magalh\u00e3es! Que destruiu a cidade, o povo, a cultura, o passado, o presente e o futuro! Agora tem que reconstruir tudo! Haja dinheiro para estudos, projetos, planos e eventos!<\/p>\n<p>\u00c9 impressionante a maneira como subestimam as pessoas que vivem na cidade, principalmente os que est\u00e3o envolvidos diretamente com as a\u00e7\u00f5es do governo, como \u00e9 o caso do Pelourinho, da cultura, seja popular ou erudita, e do turismo, que \u00e9 uma atividade que exige bom n\u00edvel de conhecimento, inclusive pol\u00edtico, econ\u00f4mico e social. Todos os partidos pol\u00edticos dizem a mesma coisa! Salvador precisa de a\u00e7\u00f5es, administra\u00e7\u00e3o, resolver os problemas do presente, e planejar melhor o seu futuro! Mas, se a popula\u00e7\u00e3o n\u00e3o disser aos governantes \u201cconhecemos voc\u00eas, assim como as mentiras, as desculpas e a maneira como voc\u00eas exploram o povo e a cidade\u201d, ela n\u00e3o sair\u00e1 disso.<\/p>\n<p><!--more--><\/p>\n<p>Todos combateram o governo do ACM, conquistaram o eleitorado,  e est\u00e3o no poder. E para qu\u00ea? Para mentir, mascarar criminosamente a realidade \u2013 foi o que aconteceu na Gr\u00e9cia! &#8211; arrecadar dinheiro e voto para seus partidos, e sucatear a cidade irresponsavelmente. Ofendem e revoltam nossa intelig\u00eancia e nosso esp\u00edrito com essa cara de pau, incompet\u00eancia e rapinagem. Os pol\u00edticos agem como se estivessem numa col\u00f4nia de seus partidos, no meio de um bando de ignorantes. Era preciso registrar a fala e a express\u00e3o da \u00faltima palestrante na reuni\u00e3o da Saltur! Ela duvidava que os presentes tivessem no\u00e7\u00e3o do que acontece nesta cidade, e que tivessem alguma proposta, alguma sugest\u00e3o, ou mesmo c\u00e9rebro.<\/p>\n<p>\u00c9 muito grave isto! Eles partem desse pressuposto, convocam e escutam o povo, e elaboram documentos que n\u00e3o condizem fielmente com o que se discute. Na audi\u00eancia que foi realizada no dia 10\/06\/2011 foi discutida a seguran\u00e7a que afastou o baiano e o turista do Pelourinho e afetou a cadeia econ\u00f4mica da cidade, foram pedidas medidas emergenciais de fechamento e vigil\u00e2ncia dos casar\u00f5es abandonados e assist\u00eancia social aos indigentes que circulam na \u00e1rea, e ainda a aplica\u00e7\u00e3o do Plano de Reabilita\u00e7\u00e3o \u201cParticipativo\u201d, que est\u00e1 pronto h\u00e1 dois anos, custou 4 milh\u00f5es de reais, j\u00e1 foram feitas parcerias de contrato com bancos no valor de 37 milh\u00f5es, segundo consta no pr\u00f3prio livro, e o plano n\u00e3o saiu do papel.<\/p>\n<p>Mas no documento elaborado pela comiss\u00e3o consta que as pessoas querem a Funda\u00e7\u00e3o Cidade M\u00e3e, da senadora L\u00eddice da Mata, no Pelourinho, assim como mais verbas para publicidade. Ningu\u00e9m falou disso! Foi cobrada a presen\u00e7a do servi\u00e7o social do munic\u00edpio e do estado. Em Salvador n\u00e3o h\u00e1 abrigos suficientes para mendigos, n\u00e3o h\u00e1 acomoda\u00e7\u00e3o para mulheres indigentes, nem h\u00e1 casa de recupera\u00e7\u00e3o para drogados, no entanto a Secretaria de Turismo gastou 10 milh\u00f5es com o S\u00e3o Jo\u00e3o! Isso tem que parar! As ind\u00fastrias dos estudos, da publicidade e das festas est\u00e3o enriquecendo pol\u00edticos e arrebentando esta cidade. O governo virou um neg\u00f3cio de pol\u00edticos! Principalmente na \u00e1rea da cultura e do turismo, onde ele \u00e9 literalmente empresa. E o secret\u00e1rio de cultura Albino Rubin, respons\u00e1vel pelo Pelourinho, lamenta que n\u00e3o tenhamos movimento cultural no Brasil. Organizemos um<\/p>\n","protected":false},"excerpt":{"rendered":"<p>Jos\u00e9 QUEIROZ Salvador precisa urgentemente de um amplo debate, ou uma campanha, que esclare\u00e7a para os envolvidos com a pol\u00edtica da cidade, e do estado, o n\u00edvel de conhecimento, informa\u00e7\u00e3o e politiza\u00e7\u00e3o do seu povo! Estamos perdendo tempo, desperdi\u00e7ando recursos e comprometendo seriamente a sociedade com essa postura de pol\u00edticos. Em todos os tr\u00eas \u00faltimos [&hellip;]<\/p>\n","protected":false},"author":2,"featured_media":0,"comment_status":"open","ping_status":"open","sticky":false,"template":"","format":"standard","meta":{"_links_to":"","_links_to_target":""},"categories":[5],"tags":[],"_links":{"self":[{"href":"https:\/\/www.r2cpress.com.br\/v1\/wp-json\/wp\/v2\/posts\/18375"}],"collection":[{"href":"https:\/\/www.r2cpress.com.br\/v1\/wp-json\/wp\/v2\/posts"}],"about":[{"href":"https:\/\/www.r2cpress.com.br\/v1\/wp-json\/wp\/v2\/types\/post"}],"author":[{"embeddable":true,"href":"https:\/\/www.r2cpress.com.br\/v1\/wp-json\/wp\/v2\/users\/2"}],"replies":[{"embeddable":true,"href":"https:\/\/www.r2cpress.com.br\/v1\/wp-json\/wp\/v2\/comments?post=18375"}],"version-history":[{"count":1,"href":"https:\/\/www.r2cpress.com.br\/v1\/wp-json\/wp\/v2\/posts\/18375\/revisions"}],"predecessor-version":[{"id":18376,"href":"https:\/\/www.r2cpress.com.br\/v1\/wp-json\/wp\/v2\/posts\/18375\/revisions\/18376"}],"wp:attachment":[{"href":"https:\/\/www.r2cpress.com.br\/v1\/wp-json\/wp\/v2\/media?parent=18375"}],"wp:term":[{"taxonomy":"category","embeddable":true,"href":"https:\/\/www.r2cpress.com.br\/v1\/wp-json\/wp\/v2\/categories?post=18375"},{"taxonomy":"post_tag","embeddable":true,"href":"https:\/\/www.r2cpress.com.br\/v1\/wp-json\/wp\/v2\/tags?post=18375"}],"curies":[{"name":"wp","href":"https:\/\/api.w.org\/{rel}","templated":true}]}}