{"id":18657,"date":"2011-06-28T18:18:07","date_gmt":"2011-06-28T21:18:07","guid":{"rendered":"http:\/\/www.r2cpress.com.br\/v1\/?p=18657"},"modified":"2011-06-28T18:18:07","modified_gmt":"2011-06-28T21:18:07","slug":"policia-continua-procurando-o-segundo-motorista-do-racha-que-atropelou-3-criancas-em-itabuna","status":"publish","type":"post","link":"https:\/\/www.r2cpress.com.br\/v1\/2011\/06\/28\/policia-continua-procurando-o-segundo-motorista-do-racha-que-atropelou-3-criancas-em-itabuna\/","title":{"rendered":"Policia continua procurando o segundo motorista do racha que atropelou 3 crian\u00e7as em Itabuna"},"content":{"rendered":"<p><strong>Um dos motoristas, idetificado como Rudson Souza de Sales Nunes, foi preso em flagrante e encaminhado para o pres\u00eddio de Itabuna<\/strong><\/p>\n<p>Ainda n\u00e3o foi idetificado o segundo homem quem participou de um suposto racha que deixou duas crian\u00e7as e uma adolescente feridos neste domingo (26), em Itabuna, a 433 km de Salvador. Os jovens continuam internados nesta ter\u00e7a-feira (28) no Hospital Manoel Novaes.<\/p>\n<p>Segundo informa\u00e7\u00f5es da TV Santa Cruz, a assessoria do hospital informou que G.A.S, 10 anos e I.C.M, 13 anos, que tiveram ferimentos, fizeram exames e est\u00e3o em observa\u00e7\u00e3o. J\u00e1 J.V.R.S, 11 anos, que teve traumatismo craniano, continua internado em estado gravre na Unidade de Terapia Extensiva (UTE) do hospital.<\/p>\n<p>Um dos motoristas, idetificado como Rudson Souza de Sales Nunes, 18 anos, que dirigia o Fiat Uno que atropelou as crian\u00e7as e a adolescente, foi preso em flagrante e encaminhado hoje pela manh\u00e3 para o pres\u00eddio de Itabuna. Em depoimento o jovem negou ter feito um racha com o outro carro. Sione Porto, titular da delegacia, investiga o caso.<\/p>\n<p>Entenda o caso<br \/>\nO acidente aconteceu neste domingo (26). As crian\u00e7as brincavam em frente a uma casa no bairro S\u00e3o Roque quando dois carros desceram pela Avenida Rebol\u00e7as Brand\u00e3o em alta velocidade.<\/p>\n<p>Um dos ve\u00edculos era conduzido por Rudson, que perdeu o controle e atingiu dois primos de 10 e 11 anos, e a amiga de 13 anos. Parentes e moradores afirmam que os ve\u00edculos faziam racha. O condutor do outro ve\u00edculo fugiu. Rudson n\u00e3o tinha carteira de habilita\u00e7\u00e3o.<\/p>\n<p>&#8212;<br \/>\nReda\u00e7\u00e3o <a HREF = \"http:\/\/www.correio24horas.com.br\/noticias\/detalhes\/detalhes-1\/artigo\/policia-continua-procurando-o-segundo-motorista-do-racha-que-atropelou-3-criancas-em-itabuna\/\" TARGET = \"_NEWS\"><b>CORREIO DA BAHIA<\/b><\/a><\/p>\n","protected":false},"excerpt":{"rendered":"<p>Um dos motoristas, idetificado como Rudson Souza de Sales Nunes, foi preso em flagrante e encaminhado para o pres\u00eddio de Itabuna Ainda n\u00e3o foi idetificado o segundo homem quem participou de um suposto racha que deixou duas crian\u00e7as e uma adolescente feridos neste domingo (26), em Itabuna, a 433 km de Salvador. Os jovens continuam [&hellip;]<\/p>\n","protected":false},"author":2,"featured_media":0,"comment_status":"open","ping_status":"open","sticky":false,"template":"","format":"standard","meta":{"_links_to":"","_links_to_target":""},"categories":[25],"tags":[],"_links":{"self":[{"href":"https:\/\/www.r2cpress.com.br\/v1\/wp-json\/wp\/v2\/posts\/18657"}],"collection":[{"href":"https:\/\/www.r2cpress.com.br\/v1\/wp-json\/wp\/v2\/posts"}],"about":[{"href":"https:\/\/www.r2cpress.com.br\/v1\/wp-json\/wp\/v2\/types\/post"}],"author":[{"embeddable":true,"href":"https:\/\/www.r2cpress.com.br\/v1\/wp-json\/wp\/v2\/users\/2"}],"replies":[{"embeddable":true,"href":"https:\/\/www.r2cpress.com.br\/v1\/wp-json\/wp\/v2\/comments?post=18657"}],"version-history":[{"count":2,"href":"https:\/\/www.r2cpress.com.br\/v1\/wp-json\/wp\/v2\/posts\/18657\/revisions"}],"predecessor-version":[{"id":18659,"href":"https:\/\/www.r2cpress.com.br\/v1\/wp-json\/wp\/v2\/posts\/18657\/revisions\/18659"}],"wp:attachment":[{"href":"https:\/\/www.r2cpress.com.br\/v1\/wp-json\/wp\/v2\/media?parent=18657"}],"wp:term":[{"taxonomy":"category","embeddable":true,"href":"https:\/\/www.r2cpress.com.br\/v1\/wp-json\/wp\/v2\/categories?post=18657"},{"taxonomy":"post_tag","embeddable":true,"href":"https:\/\/www.r2cpress.com.br\/v1\/wp-json\/wp\/v2\/tags?post=18657"}],"curies":[{"name":"wp","href":"https:\/\/api.w.org\/{rel}","templated":true}]}}