{"id":18698,"date":"2011-06-29T10:44:14","date_gmt":"2011-06-29T13:44:14","guid":{"rendered":"http:\/\/www.r2cpress.com.br\/v1\/?p=18698"},"modified":"2011-06-29T10:44:14","modified_gmt":"2011-06-29T13:44:14","slug":"arraia-do-palmito-em-urucuca-tres-dias-de-paz-forro-e-alegria","status":"publish","type":"post","link":"https:\/\/www.r2cpress.com.br\/v1\/2011\/06\/29\/arraia-do-palmito-em-urucuca-tres-dias-de-paz-forro-e-alegria\/","title":{"rendered":"Arrai\u00e1 do Palmito em Uru\u00e7uca: tr\u00eas dias de paz, forr\u00f3 e alegria"},"content":{"rendered":"<p><div id=\"attachment_18699\" style=\"width: 310px\" class=\"wp-caption alignleft\"><a href=\"http:\/\/www.r2cpress.com.br\/v1\/wp-content\/uploads\/mont-capa-site58.jpg\"><img aria-describedby=\"caption-attachment-18699\" loading=\"lazy\" src=\"http:\/\/www.r2cpress.com.br\/v1\/wp-content\/uploads\/mont-capa-site58-300x218.jpg\" alt=\"\" title=\"mont capa site\" width=\"300\" height=\"218\" class=\"size-medium wp-image-18699\" srcset=\"https:\/\/www.r2cpress.com.br\/v1\/wp-content\/uploads\/mont-capa-site58-300x218.jpg 300w, https:\/\/www.r2cpress.com.br\/v1\/wp-content\/uploads\/mont-capa-site58.jpg 680w\" sizes=\"(max-width: 300px) 100vw, 300px\" \/><\/a><p id=\"caption-attachment-18699\" class=\"wp-caption-text\">Clique para AMPLIAR.<\/p><\/div>A banda de fortaleza Capit\u00e3o Forr\u00f3 abriu o Arrai\u00e1 do Palmito do S\u00e3o Jo\u00e3o de Uru\u00e7uca com um ritmo tradicional levando a plat\u00e9ia ao del\u00edrio. O prefeito Moacyr Leite Junior e a primeira-dama Neire Dias oficialmente abriram os festejos que foi at\u00e9 o dia 25. Ainda passaram pelo palco oficial, Estampa do Forr\u00f3 e Forr\u00f3 Danado de Bom. \u201cUma festa grande e bem organizada como o povo de Uru\u00e7uca merece\u201d, disse Leite.<\/p>\n<p>Esse ano o Arrai\u00e1 veio com uma novidade que agradou os forrozeiros: o palco alternativo. \u201cA id\u00e9ia do palco alternativo para n\u00e3o esfriar a festa foi muito inteligente\u201d, disse o universit\u00e1rio Lucas Eduardo Varj\u00e3o. O palco alternativo tamb\u00e9m \u00e9 uma forma de valorizar os frutos da terra. \u201cA prata da casa merece esse destaque\u201d, completou o prefeito. As bandas K,Pankada, Esta\u00e7\u00e3o 39 e Quarto de Luxo deram seu recado com muito forr\u00f3 contempor\u00e2neo e p\u00e9 de serra.<\/p>\n<p>A Pra\u00e7a Regis Pacheco estava toda ornamentada com um portal de entrada, bambol\u00eas colorido muita chita e palha de coco. De acordo com o coordenador geral do evento, Jonaldo G\u00f3es, foi uma preocupa\u00e7\u00e3o de a gest\u00e3o fazer essa festa impec\u00e1vel. \u201cFazer uma festa bela e com seguran\u00e7a foi a prioridade do prefeito\u201d, disse.<\/p>\n<p><!--more--><\/p>\n<p>\u201cFesta boa \u00e9 festa com seguran\u00e7a\u201d, disse a aposentada Ana Gomes. A Pol\u00edcia Militar foi refor\u00e7ada para atender a dimens\u00e3o da festa.  De acordo com a PM, a estimativa de p\u00fablico por dia chegava a quase quatro mil pessoas. \u201cO total de p\u00fablico nos tr\u00eas dias de festa chega a 11 mil pessoas\u201d, disse o tenente Edimon Cezar. \u201cDurante os tr\u00eas dias de festa n\u00e3o ocorreu nenhuma confus\u00e3o\u201d, disse o secret\u00e1rio de Administra\u00e7\u00e3o, Fabiano Santana. <\/p>\n<p>De acordo com o chefe de fiscaliza\u00e7\u00e3o das barracas e ambulantes, Fred Henking, nesses tr\u00eas dias de festa em Uru\u00e7uca fez girar cerca de R$70 mil reais oferecendo emprego e renda. \u201cOs comerciantes ficaram satisfeitos\u201d, acrescentou. Para ele, o faturamento vai mais al\u00e9m uma vez que pousadas estavam lotadas, assim como, lanchonetes e restaurantes. <\/p>\n<p>O Arrai\u00e1 do Palmito estreou com o p\u00e9 direito com o apoio da C\u00e2mara de Vereadores de Uru\u00e7uca, o patroc\u00ednio da Bahiatursa, do Minist\u00e9rio do Turismo e da Bahia Minera\u00e7\u00e3o e anima\u00e7\u00e3o do povo lindo de Uru\u00e7uca e visitantes. \u201cMuito tempo que n\u00e3o passo S\u00e3o Jo\u00e3o aqui. Est\u00e1 de parab\u00e9ns pela organiza\u00e7\u00e3o\u201d, disse a turista de S\u00e3o Jos\u00e9 do Rio Preto, Karol Farias.<\/p>\n<p>Bandas nacionais e regionais como \u00c9 s\u00f3 Fil\u00e9, Urubu Fogoso, Arreio de Couro, Forr\u00f3 da Silibrina, Banana Chic e Xote Apimentado tamb\u00e9m fizeram o arrasta p\u00e9 do Arrai\u00e1 do Palmito. &#8220;Esse ano as bandas foram de qualidade&#8221;, disse a estudante Anne Caroline Barreto.<\/p>\n<p>Fruto da Terra<\/p>\n<p>A surpresa do festejo foi a apresenta\u00e7\u00e3o do cantor uru\u00e7uquense Wander de Aguiar. \u201cQuero Wander na grade de programa\u00e7\u00e3o do Arrai\u00e1 do Palmito\u201d, enfatizou Leite. De volta a terra De Aguiar fez uma apresenta\u00e7\u00e3o leve, envolvente e, sobretudo de qualidade. \u201cA melhor atra\u00e7\u00e3o da noite\u201d, disse o professor e espectador Jorge Xavier. Ele abriu o show no palco alternativo por volta de 1 hora da manh\u00e3 levando a turma relembrar sucessos como Tareco e Mariola e Asa Branca. \u201cMuito bom show\u201d, afirmou o visitante do Rio de Janeiro Marcos Boc\u00e3o.<\/p>\n","protected":false},"excerpt":{"rendered":"<p>A banda de fortaleza Capit\u00e3o Forr\u00f3 abriu o Arrai\u00e1 do Palmito do S\u00e3o Jo\u00e3o de Uru\u00e7uca com um ritmo tradicional levando a plat\u00e9ia ao del\u00edrio. O prefeito Moacyr Leite Junior e a primeira-dama Neire Dias oficialmente abriram os festejos que foi at\u00e9 o dia 25. Ainda passaram pelo palco oficial, Estampa do Forr\u00f3 e Forr\u00f3 [&hellip;]<\/p>\n","protected":false},"author":2,"featured_media":0,"comment_status":"open","ping_status":"open","sticky":false,"template":"","format":"standard","meta":{"_links_to":"","_links_to_target":""},"categories":[5],"tags":[],"_links":{"self":[{"href":"https:\/\/www.r2cpress.com.br\/v1\/wp-json\/wp\/v2\/posts\/18698"}],"collection":[{"href":"https:\/\/www.r2cpress.com.br\/v1\/wp-json\/wp\/v2\/posts"}],"about":[{"href":"https:\/\/www.r2cpress.com.br\/v1\/wp-json\/wp\/v2\/types\/post"}],"author":[{"embeddable":true,"href":"https:\/\/www.r2cpress.com.br\/v1\/wp-json\/wp\/v2\/users\/2"}],"replies":[{"embeddable":true,"href":"https:\/\/www.r2cpress.com.br\/v1\/wp-json\/wp\/v2\/comments?post=18698"}],"version-history":[{"count":3,"href":"https:\/\/www.r2cpress.com.br\/v1\/wp-json\/wp\/v2\/posts\/18698\/revisions"}],"predecessor-version":[{"id":18702,"href":"https:\/\/www.r2cpress.com.br\/v1\/wp-json\/wp\/v2\/posts\/18698\/revisions\/18702"}],"wp:attachment":[{"href":"https:\/\/www.r2cpress.com.br\/v1\/wp-json\/wp\/v2\/media?parent=18698"}],"wp:term":[{"taxonomy":"category","embeddable":true,"href":"https:\/\/www.r2cpress.com.br\/v1\/wp-json\/wp\/v2\/categories?post=18698"},{"taxonomy":"post_tag","embeddable":true,"href":"https:\/\/www.r2cpress.com.br\/v1\/wp-json\/wp\/v2\/tags?post=18698"}],"curies":[{"name":"wp","href":"https:\/\/api.w.org\/{rel}","templated":true}]}}