{"id":18726,"date":"2011-06-29T18:01:40","date_gmt":"2011-06-29T21:01:40","guid":{"rendered":"http:\/\/www.r2cpress.com.br\/v1\/?p=18726"},"modified":"2011-06-29T18:01:40","modified_gmt":"2011-06-29T21:01:40","slug":"arraia-da-polemica-bombou-no-sao-joao-da-urbis","status":"publish","type":"post","link":"https:\/\/www.r2cpress.com.br\/v1\/2011\/06\/29\/arraia-da-polemica-bombou-no-sao-joao-da-urbis\/","title":{"rendered":"Arrai\u00e1 da Pol\u00eamica bombou no S\u00e3o Jo\u00e3o da Urbis"},"content":{"rendered":"<p><a href=\"http:\/\/www.r2cpress.com.br\/v1\/wp-content\/uploads\/P6170032.jpg\"><img loading=\"lazy\" src=\"http:\/\/www.r2cpress.com.br\/v1\/wp-content\/uploads\/P6170032-300x225.jpg\" alt=\"\" title=\"P6170032\" width=\"300\" height=\"225\" class=\"alignleft size-medium wp-image-18727\" srcset=\"https:\/\/www.r2cpress.com.br\/v1\/wp-content\/uploads\/P6170032-300x225.jpg 300w, https:\/\/www.r2cpress.com.br\/v1\/wp-content\/uploads\/P6170032.jpg 400w\" sizes=\"(max-width: 300px) 100vw, 300px\" \/><\/a>O Arrai\u00e1 da Pol\u00eamica organizado por um grupo de amigos, foi a principal atra\u00e7\u00e3o do S\u00e3o Jo\u00e3o do bairro Hernani S\u00e1 (Urbis). A pra\u00e7a dos caminhos 41 e 42 foi o grande palco dessa tradicional festa junina que encantou o publico presente nos dias 23 e 24.<\/p>\n<p>Na quinta-feira (23) a anima\u00e7\u00e3o ficou por conta do Forr\u00f3 do Chap\u00e9u e apresenta\u00e7\u00e3o da quadrilha Junina \u201cFa\u00edsca de Fogo\u201d e muita comida t\u00edpica. J\u00e1 na sexta-feira (24) aconteceu o tradicional churrasc\u00e3o da Pol\u00eamico regado a muita carne de 1\u00aa , bastante licor e aquela cerverjinha gelada.<\/p>\n<p>A quadrilha \u201cFa\u00edsca de Fogo \u201cdo bairro Nelson Costa, foi o grande destaque da noite quinta-feira, damas e cavaleiros mostraram a riqueza da cultura nordestina sobre o comandado de Candido.<\/p>\n<p>Foi s\u00f3 alegria o Arrai\u00e1 da Pol\u00eamica, eleito pelos moradores como o melhor dos \u00faltimos anos.<\/p>\n<p>Agradecemos a colabora\u00e7\u00e3o da comunidade, do amigo Roque do Sesp de Paulo Carmo (7 flecha) e do vereador Z\u00e9 Neguinho.<\/p>\n<p>Em 2012 a Pol\u00eamica vai ser maior.<\/p>\n<p>&#8212;<br \/>\nJorge Reis  (Tinga)<\/p>\n","protected":false},"excerpt":{"rendered":"<p>O Arrai\u00e1 da Pol\u00eamica organizado por um grupo de amigos, foi a principal atra\u00e7\u00e3o do S\u00e3o Jo\u00e3o do bairro Hernani S\u00e1 (Urbis). A pra\u00e7a dos caminhos 41 e 42 foi o grande palco dessa tradicional festa junina que encantou o publico presente nos dias 23 e 24. Na quinta-feira (23) a anima\u00e7\u00e3o ficou por conta [&hellip;]<\/p>\n","protected":false},"author":2,"featured_media":0,"comment_status":"open","ping_status":"open","sticky":false,"template":"","format":"standard","meta":{"_links_to":"","_links_to_target":""},"categories":[5],"tags":[],"_links":{"self":[{"href":"https:\/\/www.r2cpress.com.br\/v1\/wp-json\/wp\/v2\/posts\/18726"}],"collection":[{"href":"https:\/\/www.r2cpress.com.br\/v1\/wp-json\/wp\/v2\/posts"}],"about":[{"href":"https:\/\/www.r2cpress.com.br\/v1\/wp-json\/wp\/v2\/types\/post"}],"author":[{"embeddable":true,"href":"https:\/\/www.r2cpress.com.br\/v1\/wp-json\/wp\/v2\/users\/2"}],"replies":[{"embeddable":true,"href":"https:\/\/www.r2cpress.com.br\/v1\/wp-json\/wp\/v2\/comments?post=18726"}],"version-history":[{"count":2,"href":"https:\/\/www.r2cpress.com.br\/v1\/wp-json\/wp\/v2\/posts\/18726\/revisions"}],"predecessor-version":[{"id":18729,"href":"https:\/\/www.r2cpress.com.br\/v1\/wp-json\/wp\/v2\/posts\/18726\/revisions\/18729"}],"wp:attachment":[{"href":"https:\/\/www.r2cpress.com.br\/v1\/wp-json\/wp\/v2\/media?parent=18726"}],"wp:term":[{"taxonomy":"category","embeddable":true,"href":"https:\/\/www.r2cpress.com.br\/v1\/wp-json\/wp\/v2\/categories?post=18726"},{"taxonomy":"post_tag","embeddable":true,"href":"https:\/\/www.r2cpress.com.br\/v1\/wp-json\/wp\/v2\/tags?post=18726"}],"curies":[{"name":"wp","href":"https:\/\/api.w.org\/{rel}","templated":true}]}}