{"id":18730,"date":"2011-06-29T18:04:49","date_gmt":"2011-06-29T21:04:49","guid":{"rendered":"http:\/\/www.r2cpress.com.br\/v1\/?p=18730"},"modified":"2011-06-29T18:04:49","modified_gmt":"2011-06-29T21:04:49","slug":"frente-parlamentar-em-defesa-dos-servidores-administrativos-do-servico-publico","status":"publish","type":"post","link":"https:\/\/www.r2cpress.com.br\/v1\/2011\/06\/29\/frente-parlamentar-em-defesa-dos-servidores-administrativos-do-servico-publico\/","title":{"rendered":"Frente Parlamentar em Defesa dos Servidores Administrativos do Servi\u00e7o P\u00fablico"},"content":{"rendered":"<p>Frente em defesa dos servidores administrativos ser\u00e1 lan\u00e7ada \u00e0s 9h30<br \/>\nAg\u00eancia C\u00e2mara de Not\u00edcias     &#8211;     29\/06\/2011<\/p>\n<p>Ser\u00e1 lan\u00e7ada nesta manh\u00e3 a Frente Parlamentar em Defesa dos Servidores Administrativos do Servi\u00e7o P\u00fablico. A solenidade ser\u00e1 \u00e0s 9h30, no audit\u00f3rio Freitas Nobre (anexo 4 da C\u00e2mara).<\/p>\n<p>Entre os objetivos do grupo est\u00e3o:<br \/>\n&#8211; defender a valoriza\u00e7\u00e3o da carreira administrativa no servi\u00e7o p\u00fablico, sua qualifica\u00e7\u00e3o, a amplia\u00e7\u00e3o do sistema de m\u00e9rito, melhores padr\u00f5es de sal\u00e1rio e de condi\u00e7\u00f5es de trabalho;<br \/>\n&#8211; reivindicar a isonomia de remunera\u00e7\u00e3o para atividades semelhantes e o tratamento igualit\u00e1rio entre os servidores administrativos dos Poderes Executivo, Legislativo e Judici\u00e1rio;<br \/>\n&#8211; buscar a implementa\u00e7\u00e3o de sistemas de negocia\u00e7\u00e3o coletiva e mecanismos de implementa\u00e7\u00e3o de acordos; e<br \/>\n&#8211; proteger os direitos e interesses dos servidores da \u00e1rea administrativa, inclusive o livre exerc\u00edcio do direito de greve.<\/p>\n<p>Participar\u00e3o do lan\u00e7amento os presidentes do Sindicato dos Servidores Administrativos e Auxiliares da Receita Federal do Brasil, Jecirema Alves Carvalho; da Uni\u00e3o Nacional dos Servidores da Procuradoria-Geral da Fazenda Nacional, Dayse Cristina de Souza; do Sindicato Nacional dos Servidores do Plano Especial de Cargos da Pol\u00edcia Federal, Leilane Ribeiro de Oliveira; e da Associa\u00e7\u00e3o Nacional dos Servidores Administrativos do Departamento de Pol\u00edcia Rodovi\u00e1ria Federal, Rejane Maria da Rosa.<\/p>\n<p>*Mat\u00e9ria atualizada em 29\/06.<\/p>\n","protected":false},"excerpt":{"rendered":"<p>Frente em defesa dos servidores administrativos ser\u00e1 lan\u00e7ada \u00e0s 9h30 Ag\u00eancia C\u00e2mara de Not\u00edcias &#8211; 29\/06\/2011 Ser\u00e1 lan\u00e7ada nesta manh\u00e3 a Frente Parlamentar em Defesa dos Servidores Administrativos do Servi\u00e7o P\u00fablico. A solenidade ser\u00e1 \u00e0s 9h30, no audit\u00f3rio Freitas Nobre (anexo 4 da C\u00e2mara). Entre os objetivos do grupo est\u00e3o: &#8211; defender a valoriza\u00e7\u00e3o da [&hellip;]<\/p>\n","protected":false},"author":2,"featured_media":0,"comment_status":"open","ping_status":"open","sticky":false,"template":"","format":"standard","meta":{"_links_to":"","_links_to_target":""},"categories":[18],"tags":[],"_links":{"self":[{"href":"https:\/\/www.r2cpress.com.br\/v1\/wp-json\/wp\/v2\/posts\/18730"}],"collection":[{"href":"https:\/\/www.r2cpress.com.br\/v1\/wp-json\/wp\/v2\/posts"}],"about":[{"href":"https:\/\/www.r2cpress.com.br\/v1\/wp-json\/wp\/v2\/types\/post"}],"author":[{"embeddable":true,"href":"https:\/\/www.r2cpress.com.br\/v1\/wp-json\/wp\/v2\/users\/2"}],"replies":[{"embeddable":true,"href":"https:\/\/www.r2cpress.com.br\/v1\/wp-json\/wp\/v2\/comments?post=18730"}],"version-history":[{"count":2,"href":"https:\/\/www.r2cpress.com.br\/v1\/wp-json\/wp\/v2\/posts\/18730\/revisions"}],"predecessor-version":[{"id":18732,"href":"https:\/\/www.r2cpress.com.br\/v1\/wp-json\/wp\/v2\/posts\/18730\/revisions\/18732"}],"wp:attachment":[{"href":"https:\/\/www.r2cpress.com.br\/v1\/wp-json\/wp\/v2\/media?parent=18730"}],"wp:term":[{"taxonomy":"category","embeddable":true,"href":"https:\/\/www.r2cpress.com.br\/v1\/wp-json\/wp\/v2\/categories?post=18730"},{"taxonomy":"post_tag","embeddable":true,"href":"https:\/\/www.r2cpress.com.br\/v1\/wp-json\/wp\/v2\/tags?post=18730"}],"curies":[{"name":"wp","href":"https:\/\/api.w.org\/{rel}","templated":true}]}}