{"id":18778,"date":"2011-06-30T12:21:08","date_gmt":"2011-06-30T15:21:08","guid":{"rendered":"http:\/\/www.r2cpress.com.br\/v1\/?p=18778"},"modified":"2011-06-30T12:21:08","modified_gmt":"2011-06-30T15:21:08","slug":"arraia-do-palmito-chega-a-serra-grande","status":"publish","type":"post","link":"https:\/\/www.r2cpress.com.br\/v1\/2011\/06\/30\/arraia-do-palmito-chega-a-serra-grande\/","title":{"rendered":"Arrai\u00e1 do Palmito chega a Serra Grande"},"content":{"rendered":"<p><center><strong>S\u00e3o Pedro de Serra Grande: Forr\u00f3, praia e natureza<\/strong><\/center><\/p>\n<p><div id=\"attachment_18779\" style=\"width: 310px\" class=\"wp-caption alignright\"><a href=\"http:\/\/www.r2cpress.com.br\/v1\/wp-content\/uploads\/serra-grande-sandra.jpg\"><img aria-describedby=\"caption-attachment-18779\" loading=\"lazy\" src=\"http:\/\/www.r2cpress.com.br\/v1\/wp-content\/uploads\/serra-grande-sandra-300x208.jpg\" alt=\"\" title=\"serra grande sandra\" width=\"300\" height=\"208\" class=\"size-medium wp-image-18779\" srcset=\"https:\/\/www.r2cpress.com.br\/v1\/wp-content\/uploads\/serra-grande-sandra-300x208.jpg 300w, https:\/\/www.r2cpress.com.br\/v1\/wp-content\/uploads\/serra-grande-sandra.jpg 680w\" sizes=\"(max-width: 300px) 100vw, 300px\" \/><\/a><p id=\"caption-attachment-18779\" class=\"wp-caption-text\">Clique para AMPLIAR.<\/p><\/div>O S\u00e3o Pedro de Serra Grande, povoado de Uru\u00e7uca, promete ser agitado com o Arrai\u00e1 do Palmito, nos dias 01 e 02 de julho, a partir das 22 horas. O forr\u00f3 vai ocorrer na Pra\u00e7a Pedro Gomes e ser\u00e1 comandado pelas atra\u00e7\u00f5es: Vanoly Cigano, Urubu Fogoso, Estrela do Mar, Quarto de Luxo, Wander de Aguiar e K, Pankada.<br \/>\nA festa contar\u00e1 com o refor\u00e7o da Pol\u00edcia Militar e prop\u00f5e o forr\u00f3 na praia.Uma mega estrutura ser\u00e1 montada com ornamenta\u00e7\u00e3o, portal e muita alegria. O prefeito Moacyr leite Junior abrir\u00e1 os festejos onde considera o lugar o para\u00edso do sul da Bahia. \u201cQuem visita Serra Grande se apaixona\u201d, disse Leite.<\/p>\n<p><!--more--><\/p>\n<p>Pousadas e hot\u00e9is est\u00e3o quase todos lotados para se esbaldar no S\u00e3o Pedro da Serra Grande.  Restaurantes, lanchonetes e casas de Tapioca se preparam para receber turistas de toda parte do Brasil. Para quem vai curtir o S\u00e3o Pedro no cantinho mais aconchegante do litoral brasileiro poder\u00e1 conhecer cachoeiras, praias virgens, fazer trilhas, banhar-se no balne\u00e1rio e comer um delicioso Guaiamun na Barraca Veloso durante as manh\u00e3s. \u201cDe noite vamos forrozar\u201d, disse a universit\u00e1ria Rafaele Marques<\/p>\n<p>O S\u00e3o Pedro com o Arrai\u00e1 do palmito de Serra Grande tem a realiza\u00e7\u00e3o da Prefeitura Municipal de Uru\u00e7uca, Governo Forte, Povo Respeitado, o apoio da C\u00e2mara de Vereadores de Uru\u00e7uca e o patroc\u00ednio da Bahiatursa, Minist\u00e9rio do Turismo e Bahia Minera\u00e7\u00e3o. Para o coordenador do evento, Jonaldo Goes, Serra Grande ter\u00e1 o mesmo cuidado e estrutura que teve o Arrai\u00e1 do palmito em Uru\u00e7uca. \u201cVamos caprichar\u201d, disse Goes.<\/p>\n<p><strong>Padroeiro<\/strong><\/p>\n<p>S\u00e3o Pedro \u00e9 padroeiro do povoado de Uru\u00e7uca, Serra Grande. A Vila \u00e9 aconchegante, discreta, charmosa e bela. Gradualmente est\u00e1 recebendo infraestrutura hoteleira e investimentos. Durante esses dias, fi\u00e9is, rezaram para o santo popular. De acordo com o subprefeito, Gutemberg Farias, Serra Grande entra em festa com a data. \u201cDurante a semana aconteceu \u00e0 novena a S\u00e3o Pedro com muito louvor\u201d, disse Farias. <\/p>\n","protected":false},"excerpt":{"rendered":"<p>S\u00e3o Pedro de Serra Grande: Forr\u00f3, praia e natureza O S\u00e3o Pedro de Serra Grande, povoado de Uru\u00e7uca, promete ser agitado com o Arrai\u00e1 do Palmito, nos dias 01 e 02 de julho, a partir das 22 horas. O forr\u00f3 vai ocorrer na Pra\u00e7a Pedro Gomes e ser\u00e1 comandado pelas atra\u00e7\u00f5es: Vanoly Cigano, Urubu Fogoso, [&hellip;]<\/p>\n","protected":false},"author":2,"featured_media":0,"comment_status":"open","ping_status":"open","sticky":false,"template":"","format":"standard","meta":{"_links_to":"","_links_to_target":""},"categories":[5],"tags":[],"_links":{"self":[{"href":"https:\/\/www.r2cpress.com.br\/v1\/wp-json\/wp\/v2\/posts\/18778"}],"collection":[{"href":"https:\/\/www.r2cpress.com.br\/v1\/wp-json\/wp\/v2\/posts"}],"about":[{"href":"https:\/\/www.r2cpress.com.br\/v1\/wp-json\/wp\/v2\/types\/post"}],"author":[{"embeddable":true,"href":"https:\/\/www.r2cpress.com.br\/v1\/wp-json\/wp\/v2\/users\/2"}],"replies":[{"embeddable":true,"href":"https:\/\/www.r2cpress.com.br\/v1\/wp-json\/wp\/v2\/comments?post=18778"}],"version-history":[{"count":2,"href":"https:\/\/www.r2cpress.com.br\/v1\/wp-json\/wp\/v2\/posts\/18778\/revisions"}],"predecessor-version":[{"id":18781,"href":"https:\/\/www.r2cpress.com.br\/v1\/wp-json\/wp\/v2\/posts\/18778\/revisions\/18781"}],"wp:attachment":[{"href":"https:\/\/www.r2cpress.com.br\/v1\/wp-json\/wp\/v2\/media?parent=18778"}],"wp:term":[{"taxonomy":"category","embeddable":true,"href":"https:\/\/www.r2cpress.com.br\/v1\/wp-json\/wp\/v2\/categories?post=18778"},{"taxonomy":"post_tag","embeddable":true,"href":"https:\/\/www.r2cpress.com.br\/v1\/wp-json\/wp\/v2\/tags?post=18778"}],"curies":[{"name":"wp","href":"https:\/\/api.w.org\/{rel}","templated":true}]}}