{"id":18785,"date":"2011-06-30T13:22:23","date_gmt":"2011-06-30T16:22:23","guid":{"rendered":"http:\/\/www.r2cpress.com.br\/v1\/?p=18785"},"modified":"2011-06-30T13:22:23","modified_gmt":"2011-06-30T16:22:23","slug":"a-forca-da-uniao","status":"publish","type":"post","link":"https:\/\/www.r2cpress.com.br\/v1\/2011\/06\/30\/a-forca-da-uniao\/","title":{"rendered":"A for\u00e7a da uni\u00e3o."},"content":{"rendered":"<div id=\"attachment_18786\" style=\"width: 310px\" class=\"wp-caption alignleft\"><a href=\"http:\/\/www.r2cpress.com.br\/v1\/wp-content\/uploads\/Dr.-luciano.jpg\"><img aria-describedby=\"caption-attachment-18786\" loading=\"lazy\" class=\"size-medium wp-image-18786\" title=\"Dr. luciano\" src=\"http:\/\/www.r2cpress.com.br\/v1\/wp-content\/uploads\/Dr.-luciano-300x258.jpg\" alt=\"\" width=\"300\" height=\"258\" srcset=\"https:\/\/www.r2cpress.com.br\/v1\/wp-content\/uploads\/Dr.-luciano-300x258.jpg 300w, https:\/\/www.r2cpress.com.br\/v1\/wp-content\/uploads\/Dr.-luciano.jpg 362w\" sizes=\"(max-width: 300px) 100vw, 300px\" \/><\/a><p id=\"caption-attachment-18786\" class=\"wp-caption-text\">LUCIANO TAVARES<\/p><\/div>\n<p>Todo ano, no primeiro s\u00e1bado do m\u00eas de julho, comemora-se o Dia Internacional do Cooperativismo. Em 2011, em sua 89\u00ba edi\u00e7\u00e3o, o j\u00fabilo se dar\u00e1 juntamente com os festejos da independ\u00eancia baiana. Portanto, comemoraremos duplamente a for\u00e7a da uni\u00e3o de pessoas em prol do interesse comum.<\/p>\n<p>Em 2 de julho de 1823, a Independ\u00eancia da Bahia ocorreu quando a divis\u00e3o de interesses colocou de um lado, portugueses, interessados em manter a prov\u00edncia como col\u00f4nia, e de outro, brasileiros, de todas as tend\u00eancias, que, diferentemente do 7 de setembro (<em>\u201cNasce o sol ao 2 de Julho, Brilha mais que no primeiro!&#8230;\u201d)<\/em>, com armas e sangue, conquistaram a liberdade por todos sonhada.<\/p>\n<p>Na Londres de 1844, nascia o cooperativismo, fruto da associa\u00e7\u00e3o de tecel\u00f5es, que exauridos pela explora\u00e7\u00e3o econ\u00f4mica a que eram submetidos, decidiram unir seus interesses e se tornarem senhores do pr\u00f3prio laboro, eliminando assim, os atravessadores.<\/p>\n<p>Hoje, em nosso pa\u00eds, apesar das desigualdades sociais, felizmente o interesse da maioria ainda n\u00e3o se voltou para as armas, mas para a busca de um modelo de desenvolvimento sustent\u00e1vel, que gere progresso, emprego, renda e inclus\u00e3o social com o menor impacto ambiental poss\u00edvel. Contudo, diante de uma economia de mercado baseada no consumo, esse objetivo parece cada vez mais distante. E os problemas sociais se renovam e se avolumam sobre os que financiam as a\u00e7\u00f5es paliativas governamentais.<\/p>\n<p>&nbsp;<\/p>\n<p><!--more--><\/p>\n<p>E o futuro? Segundo o IBGE, os jovens representam cerca de 13,5 % da popula\u00e7\u00e3o brasileira, e s\u00e3o mais da metade dos extremamente pobres, ou seja, 16,2 milh\u00f5es de brasileiros. E de acordo com o censo escolar 2010, houve queda significativa no n\u00famero de matr\u00edculas no \u00faltimo ano, em todas as etapas de ensino. Uma na\u00e7\u00e3o \u00e9 feita de pessoas. E n\u00e3o transformaremos nosso pa\u00eds sem um maci\u00e7o e permanente investimento em capital humano.<\/p>\n<p>Desde seu marco inicial, o cooperativismo vem se estruturando mundialmente. Em 1895, tamb\u00e9m em Londres, foi fundada a ACI &#8211; Alian\u00e7a Cooperativa Internacional, que n\u00e3o s\u00f3 congrega e promove o cooperativismo mundial, como o representa em inst\u00e2ncias internacionais. Para se ter uma id\u00e9ia da for\u00e7a de sua representatividade, a ACI foi a primeira organiza\u00e7\u00e3o n\u00e3o governamental a quem as Na\u00e7\u00f5es Unidas concedeu, em 1946, o status de \u00f3rg\u00e3o consultivo.\u00a0Hoje, \u00e9 uma das 41 entidades que figuram na Categoria I da lista de organiza\u00e7\u00f5es com status de \u00f3rg\u00e3o consultivo das Na\u00e7\u00f5es Unidas. A \u00fanica remanescente do s\u00e9culo XIX e que resistiu ao tempo e a todos os acontecimentos dessas \u00faltimas d\u00e9cadas, como duas guerras mundiais, revolu\u00e7\u00f5es e as mais diversas e profundas mudan\u00e7as pol\u00edtico-econ\u00f4micas globais.<\/p>\n<p>O mundo, a cada ano, diante da inviabilidade do padr\u00e3o de consumo humano, reconhece a necessidade de investimentos em a\u00e7\u00f5es que promovam a Economia Solid\u00e1ria em suas mais diversas formas, sobretudo atrav\u00e9s das sociedades cooperativas, que colocam o capital humano acima do capital financeiro. E o \u00e1pice desse reconhecimento, se deu dia 18 de dezembro de 2010, durante a 64\u00aa Assembl\u00e9ia Geral das Na\u00e7\u00f5es Unidas, quando seus 55 Estados-Membros aprovaram a resolu\u00e7\u00e3o: <strong><em>\u201c- As Cooperativas e o Desenvolvimento Social&#8221;<\/em><\/strong>, que declara o ano de 2012, como Ano Internacional das Cooperativas (IYC, sigla em Ingl\u00eas). Esta \u00e9 a primeira vez na hist\u00f3ria que um ano ser\u00e1 dedicado ao setor cooperativista.<\/p>\n<p>Mundialmente, esse setor \u00e9 formado por 1 bilh\u00e3o de homens e mulheres de todas as idades, ra\u00e7as e credos, que optaram por uma filosofia de vida n\u00e3o centrada no lucro, mas sim na qualidade de vida. No Brasil, \u00e9 representado por cerca de 7 mil cooperativas, 9 milh\u00f5es de associados, e algo em torno de 300 mil empregados. Se incluirmos as fam\u00edlias desses cooperados, falaremos, na verdade, de 30 milh\u00f5es de brasileiros, que atrav\u00e9s de suas cooperativas, j\u00e1 representam 5,9 % do PIB nacional, e em 2010, foram respons\u00e1veis por US$ 4,417 bilh\u00f5es (d\u00f3lares) nas exporta\u00e7\u00f5es do pa\u00eds, segundo dados da Organiza\u00e7\u00e3o das Cooperativas Brasileiras (OCB).<\/p>\n<p>Mas apesar de lermos em nossa Constitui\u00e7\u00e3o Federal, em seu artigo 174, par\u00e1grafo 2\u00ba: &#8211; <strong><em>\u201cA lei apoiar\u00e1 e estimular\u00e1 o cooperativismo e outras formas de associativismo\u201d<\/em><\/strong>, e de pesquisa da Universidade de S\u00e3o Paulo demonstrar que o IDH (\u00cdndice de Desenvolvimento Humano) \u00e9 maior em munic\u00edpios que contam com a atua\u00e7\u00e3o de cooperativas; nos 13 ramos de atividades econ\u00f4micas nos quais atua, o cooperativismo brasileiro poderia contribuir mais significativamente com a redu\u00e7\u00e3o das desigualdades sociais. Um bom exemplo dessa possibilidade vem do setor de reciclagem de latas de alum\u00ednio, onde mais de 95% das latas do pa\u00eds s\u00e3o recicladas, e a maior parte da coleta e entrega \u00e0 ind\u00fastria \u00e9 realizada por cooperativas e associa\u00e7\u00f5es de catadores, que auferem anualmente, pela for\u00e7a de sua uni\u00e3o, algo j\u00e1 pr\u00f3ximo de R$ 2 bilh\u00f5es. E dessa for\u00e7a, temos o orgulho de sermos o pa\u00eds recordista em reciclagem de latas de alum\u00ednio.<\/p>\n<p>Esse ano, mais uma vez, teremos reduzido nosso percentual de crescimento do PIB. \u00c9 como v\u00f4o de galinha. A vontade de realizar \u00e9 imensa, mas o peso \u00e9 grande demais, e as asas n\u00e3o conseguem cumprir a miss\u00e3o.<\/p>\n<p>\u00c9 preciso dar asas ao empreendedorismo brasileiro e reduzir o peso do Estado. E investir na juventude e na Economia Solid\u00e1ria \u00e9 o atalho mais curto para o duradouro \u201cv\u00f4o\u201d com justi\u00e7a social. A ACI acredita que a <strong>JUVENTUDE<\/strong> possui maior desejo de liberdade e capacidade de se unir em torno de interesses coletivos, mas as esferas governamentais precisam estimular e fomentar mais vigorosamente as a\u00e7\u00f5es de Economia Solid\u00e1ria, diferenciando-a tributariamente (e j\u00e1 temos muitos exemplos disso em diversos munic\u00edpios do pa\u00eds), e ampliando o conceito de ato cooperativo, como ocorre em outros pa\u00edses.<\/p>\n<p>Portanto, nesse 2\u00a0 de julho, festejemos a capacidade realizadora da uni\u00e3o de pessoas em busca de um ideal. E como m\u00fasica de fundo, o Hino ao Dois de Julho, que a Lei do Estado da Bahia n\u00ba. 11.901, de 21 de abril de 2010, sacramentou como hino oficial de nosso estado. O hino que celebra a uni\u00e3o de brasileiros pela conquista da liberdade.<\/p>\n<p>&#8212;<\/p>\n<p><strong>Luciano Tavares \u00e9 cirurgi\u00e3o-dentista e vice-presidente da Uniodonto Ilh\u00e9us, cooperativa de trabalho odontol\u00f3gico. (<\/strong>contato: <a href=\"mailto:tavareslm@hotmail.com\">tavareslm@hotmail.com<\/a>)<strong> <\/strong><\/p>\n","protected":false},"excerpt":{"rendered":"<p>Todo ano, no primeiro s\u00e1bado do m\u00eas de julho, comemora-se o Dia Internacional do Cooperativismo. Em 2011, em sua 89\u00ba edi\u00e7\u00e3o, o j\u00fabilo se dar\u00e1 juntamente com os festejos da independ\u00eancia baiana. Portanto, comemoraremos duplamente a for\u00e7a da uni\u00e3o de pessoas em prol do interesse comum. Em 2 de julho de 1823, a Independ\u00eancia da [&hellip;]<\/p>\n","protected":false},"author":2,"featured_media":0,"comment_status":"open","ping_status":"open","sticky":false,"template":"","format":"standard","meta":{"_links_to":"","_links_to_target":""},"categories":[10],"tags":[],"_links":{"self":[{"href":"https:\/\/www.r2cpress.com.br\/v1\/wp-json\/wp\/v2\/posts\/18785"}],"collection":[{"href":"https:\/\/www.r2cpress.com.br\/v1\/wp-json\/wp\/v2\/posts"}],"about":[{"href":"https:\/\/www.r2cpress.com.br\/v1\/wp-json\/wp\/v2\/types\/post"}],"author":[{"embeddable":true,"href":"https:\/\/www.r2cpress.com.br\/v1\/wp-json\/wp\/v2\/users\/2"}],"replies":[{"embeddable":true,"href":"https:\/\/www.r2cpress.com.br\/v1\/wp-json\/wp\/v2\/comments?post=18785"}],"version-history":[{"count":4,"href":"https:\/\/www.r2cpress.com.br\/v1\/wp-json\/wp\/v2\/posts\/18785\/revisions"}],"predecessor-version":[{"id":18790,"href":"https:\/\/www.r2cpress.com.br\/v1\/wp-json\/wp\/v2\/posts\/18785\/revisions\/18790"}],"wp:attachment":[{"href":"https:\/\/www.r2cpress.com.br\/v1\/wp-json\/wp\/v2\/media?parent=18785"}],"wp:term":[{"taxonomy":"category","embeddable":true,"href":"https:\/\/www.r2cpress.com.br\/v1\/wp-json\/wp\/v2\/categories?post=18785"},{"taxonomy":"post_tag","embeddable":true,"href":"https:\/\/www.r2cpress.com.br\/v1\/wp-json\/wp\/v2\/tags?post=18785"}],"curies":[{"name":"wp","href":"https:\/\/api.w.org\/{rel}","templated":true}]}}