{"id":18799,"date":"2011-06-30T18:21:03","date_gmt":"2011-06-30T21:21:03","guid":{"rendered":"http:\/\/www.r2cpress.com.br\/v1\/?p=18799"},"modified":"2011-06-30T18:21:03","modified_gmt":"2011-06-30T21:21:03","slug":"vereador-dinho-gas-reforma-e-entrega-viatura-da-pm","status":"publish","type":"post","link":"https:\/\/www.r2cpress.com.br\/v1\/2011\/06\/30\/vereador-dinho-gas-reforma-e-entrega-viatura-da-pm\/","title":{"rendered":"VEREADOR DINHO G\u00c1S REFORMA E ENTREGA VIATURA DA PM"},"content":{"rendered":"<p><a href=\"http:\/\/www.r2cpress.com.br\/v1\/wp-content\/uploads\/DINHO-G\u00c1S-MJ-PERDIZ-E-AMIL.jpg\"><img loading=\"lazy\" src=\"http:\/\/www.r2cpress.com.br\/v1\/wp-content\/uploads\/DINHO-G\u00c1S-MJ-PERDIZ-E-AMIL-300x92.jpg\" alt=\"\" title=\"DINHO G\u00c1S MJ PERDIZ E AMIL\" width=\"300\" height=\"92\" class=\"alignleft size-medium wp-image-18802\" srcset=\"https:\/\/www.r2cpress.com.br\/v1\/wp-content\/uploads\/DINHO-G\u00c1S-MJ-PERDIZ-E-AMIL-300x92.jpg 300w, https:\/\/www.r2cpress.com.br\/v1\/wp-content\/uploads\/DINHO-G\u00c1S-MJ-PERDIZ-E-AMIL.jpg 680w\" sizes=\"(max-width: 300px) 100vw, 300px\" \/><\/a>Numa iniciativa in\u00e9dita o vereador Edvaldo Nascimento o Dinho G\u00e1s, entregou no \u00faltimo dia 28 de junho, anivers\u00e1rio de Ilh\u00e9us, uma viatura modelo Ford\/ Ranger completamente reformada a Pol\u00edcia Militar.<\/p>\n<p>Segundo o Major PM Perdiz, comandante da 69\u00aa Companhia Independente da Pol\u00edcia Militar, Zona Sul de Ilh\u00e9us, a PM n\u00e3o dispunha de recursos para reformar a viatura e seguindo o principio de pol\u00edcia comunit\u00e1ria foi feito o contato com Dinho G\u00e1s, que topou segundo as palavras do comandante o \u201cdesafio\u201d.<\/p>\n<p>O ve\u00edculo estava sucateado na sede do 2\u00ba Batalh\u00e3o de Ilh\u00e9us, sendo necess\u00e1ria a realiza\u00e7\u00e3o de servi\u00e7os de ret\u00edfica de motor, chaparia e pintura, consumindo recursos da ordem de 11 mil reais.<\/p>\n<p>Para Dinho G\u00e1s, desta maneira ele p\u00f4de contribuir e demonstrar mais uma vez que tem compromisso com a comunidade. Dinho, tamb\u00e9m destacou a melhoria das a\u00e7\u00f5es da PM depois da cria\u00e7\u00e3o das tr\u00eas companhias em diferentes zonas da cidade.<\/p>\n<p><strong>Novos Projetos<\/strong><\/p>\n<p>Dinho G\u00e1s se colocou a disposi\u00e7\u00e3o do comando da 69\u00aa CIPM\/ Zona Sul, para atuar politicamente no sentido de que seja instalada uma Unidade de Pol\u00edcia Pacificadora na regi\u00e3o dos bairros Nelson Costa e Nossa Senhora da Vit\u00f3ria, o que j\u00e1 \u00e9 motivo de estudos e dever\u00e1 acontecer ap\u00f3s a instala\u00e7\u00e3o da unidade do Teot\u00f4nio Vilela.<\/p>\n<p>As constru\u00e7\u00f5es de um col\u00e9gio de 2\u00ba Grau e da UPA (Unidade de Pronto Atendimento), da Zona Sul, assim como a retomada das obras do Alto Nossa Senhora da Vit\u00f3ria s\u00e3o as prioridades do mandato, garante o vereador Dinho G\u00e1s. <\/p>\n","protected":false},"excerpt":{"rendered":"<p>Numa iniciativa in\u00e9dita o vereador Edvaldo Nascimento o Dinho G\u00e1s, entregou no \u00faltimo dia 28 de junho, anivers\u00e1rio de Ilh\u00e9us, uma viatura modelo Ford\/ Ranger completamente reformada a Pol\u00edcia Militar. Segundo o Major PM Perdiz, comandante da 69\u00aa Companhia Independente da Pol\u00edcia Militar, Zona Sul de Ilh\u00e9us, a PM n\u00e3o dispunha de recursos para reformar [&hellip;]<\/p>\n","protected":false},"author":2,"featured_media":0,"comment_status":"open","ping_status":"open","sticky":false,"template":"","format":"standard","meta":{"_links_to":"","_links_to_target":""},"categories":[22],"tags":[],"_links":{"self":[{"href":"https:\/\/www.r2cpress.com.br\/v1\/wp-json\/wp\/v2\/posts\/18799"}],"collection":[{"href":"https:\/\/www.r2cpress.com.br\/v1\/wp-json\/wp\/v2\/posts"}],"about":[{"href":"https:\/\/www.r2cpress.com.br\/v1\/wp-json\/wp\/v2\/types\/post"}],"author":[{"embeddable":true,"href":"https:\/\/www.r2cpress.com.br\/v1\/wp-json\/wp\/v2\/users\/2"}],"replies":[{"embeddable":true,"href":"https:\/\/www.r2cpress.com.br\/v1\/wp-json\/wp\/v2\/comments?post=18799"}],"version-history":[{"count":3,"href":"https:\/\/www.r2cpress.com.br\/v1\/wp-json\/wp\/v2\/posts\/18799\/revisions"}],"predecessor-version":[{"id":18804,"href":"https:\/\/www.r2cpress.com.br\/v1\/wp-json\/wp\/v2\/posts\/18799\/revisions\/18804"}],"wp:attachment":[{"href":"https:\/\/www.r2cpress.com.br\/v1\/wp-json\/wp\/v2\/media?parent=18799"}],"wp:term":[{"taxonomy":"category","embeddable":true,"href":"https:\/\/www.r2cpress.com.br\/v1\/wp-json\/wp\/v2\/categories?post=18799"},{"taxonomy":"post_tag","embeddable":true,"href":"https:\/\/www.r2cpress.com.br\/v1\/wp-json\/wp\/v2\/tags?post=18799"}],"curies":[{"name":"wp","href":"https:\/\/api.w.org\/{rel}","templated":true}]}}