{"id":18809,"date":"2011-06-30T18:31:51","date_gmt":"2011-06-30T21:31:51","guid":{"rendered":"http:\/\/www.r2cpress.com.br\/v1\/?p=18809"},"modified":"2011-06-30T18:31:51","modified_gmt":"2011-06-30T21:31:51","slug":"missa-de-setimo-dia-3","status":"publish","type":"post","link":"https:\/\/www.r2cpress.com.br\/v1\/2011\/06\/30\/missa-de-setimo-dia-3\/","title":{"rendered":"MISSA DE S\u00c9TIMO DIA"},"content":{"rendered":"<p>A fam\u00edlia de <strong>MARCUS VINICIUS MOTTA DE DEUS <\/strong>vem a p\u00fablico agradecer as manifesta\u00e7\u00f5es de carinho e solidariedade recebidas por parte dos amigos e demais familiares. A esposa Solange, os filhos Thiago e Fl\u00e1via e a nora Elaine convidam a todos a participarem da missa de s\u00e9timo dia que ser\u00e1 celebrada dia 01\/07\/2011 (sexta-feira), \u00e0s 19 horas, na Capela S\u00e3o Paulo e Ap\u00f3stolo, localizada na Av. Princesa Isabel em Ilh\u00e9us.<br \/>\nPor mais este ato de amizade e carinho antecipam seus sinceros agradecimentos. <\/p>\n","protected":false},"excerpt":{"rendered":"<p>A fam\u00edlia de MARCUS VINICIUS MOTTA DE DEUS vem a p\u00fablico agradecer as manifesta\u00e7\u00f5es de carinho e solidariedade recebidas por parte dos amigos e demais familiares. A esposa Solange, os filhos Thiago e Fl\u00e1via e a nora Elaine convidam a todos a participarem da missa de s\u00e9timo dia que ser\u00e1 celebrada dia 01\/07\/2011 (sexta-feira), \u00e0s [&hellip;]<\/p>\n","protected":false},"author":2,"featured_media":0,"comment_status":"open","ping_status":"open","sticky":false,"template":"","format":"standard","meta":{"_links_to":"","_links_to_target":""},"categories":[10],"tags":[],"_links":{"self":[{"href":"https:\/\/www.r2cpress.com.br\/v1\/wp-json\/wp\/v2\/posts\/18809"}],"collection":[{"href":"https:\/\/www.r2cpress.com.br\/v1\/wp-json\/wp\/v2\/posts"}],"about":[{"href":"https:\/\/www.r2cpress.com.br\/v1\/wp-json\/wp\/v2\/types\/post"}],"author":[{"embeddable":true,"href":"https:\/\/www.r2cpress.com.br\/v1\/wp-json\/wp\/v2\/users\/2"}],"replies":[{"embeddable":true,"href":"https:\/\/www.r2cpress.com.br\/v1\/wp-json\/wp\/v2\/comments?post=18809"}],"version-history":[{"count":2,"href":"https:\/\/www.r2cpress.com.br\/v1\/wp-json\/wp\/v2\/posts\/18809\/revisions"}],"predecessor-version":[{"id":18811,"href":"https:\/\/www.r2cpress.com.br\/v1\/wp-json\/wp\/v2\/posts\/18809\/revisions\/18811"}],"wp:attachment":[{"href":"https:\/\/www.r2cpress.com.br\/v1\/wp-json\/wp\/v2\/media?parent=18809"}],"wp:term":[{"taxonomy":"category","embeddable":true,"href":"https:\/\/www.r2cpress.com.br\/v1\/wp-json\/wp\/v2\/categories?post=18809"},{"taxonomy":"post_tag","embeddable":true,"href":"https:\/\/www.r2cpress.com.br\/v1\/wp-json\/wp\/v2\/tags?post=18809"}],"curies":[{"name":"wp","href":"https:\/\/api.w.org\/{rel}","templated":true}]}}