{"id":19052,"date":"2011-07-03T20:57:30","date_gmt":"2011-07-03T23:57:30","guid":{"rendered":"http:\/\/www.r2cpress.com.br\/v1\/?p=19052"},"modified":"2011-07-03T20:57:30","modified_gmt":"2011-07-03T23:57:30","slug":"denuncia-som-alto","status":"publish","type":"post","link":"https:\/\/www.r2cpress.com.br\/v1\/2011\/07\/03\/denuncia-som-alto\/","title":{"rendered":"Den\u00fancia &#8211; SOM ALTO"},"content":{"rendered":"<p>De: Andr\u00e9 Marques <amarques @hotmail.com><br \/>\nAssunto: Den\u00fancia &#8211; SOM ALTO<\/p>\n<p>Corpo da mensagem:<br \/>\nOl\u00e1 a todos,<\/p>\n<p>Segundo a Constitui\u00e7\u00e3o Federal, nossa Lei maior, no seu Art. 144, V, \u00a7 5\u00b0, \u00c0s policias militares cabem a pol\u00edcia ostensiva e a preserva\u00e7\u00e3o da ordem p\u00fablica.<\/p>\n<p>Som veicular, bem como outros tipos de perturba\u00e7\u00e3o ao sossego alheio \u00e9 com a Pol\u00edcia Militar. Se algu\u00e9m falar ao contrario n\u00e3o conhece da Lei ou n\u00e3o quer fazer o seu servi\u00e7o.<\/p>\n<p>Al\u00e9m da Constitui\u00e7\u00e3o Federal, existem outros mecanismos que relatam que \u00e9 compet\u00eancia da Pol\u00edcia Militar, como, a Constitui\u00e7\u00e3o Estadual, C\u00f3digo de Tr\u00e2nsito Brasileiro, entre outros.<\/p>\n<p>Cabe a Pol\u00edcia Militar multar e apreender o ve\u00edculo, bem como, apresentar da Delegacia de Pol\u00edcia Civil mais pr\u00f3xima para tomar as medidas cab\u00edveis. Elabora\u00e7\u00e3o de um Termo Circunstanciado de Ocorr\u00eancia \u2013 TCO ou Inqu\u00e9rito Pol\u00edcia \u2013 IP.<\/p>\n<p>Em caso de som veicular, bem como outros tipos de som alto, podem ser enquadrados no Decreto-Lei 3.688, de 3 de outubro de 1941 \u2013 Lei das Contraven\u00e7\u00f5es Penais, em seu Art. 42 \u2013 Perturba\u00e7\u00e3o do trabalho ou do sossego alheios.<\/p>\n<p>OBS.: Chega de dar desculpas, N\u00c3O PRECISA DE DECIBEL\u00cdMETRO para realizar a apreens\u00e3o do ve\u00edculo e outros instrumentos da infra\u00e7\u00e3o.<\/p>\n<p>Podem consultar a qualquer professor de Direito Penal, constitucional ou de Processo Penal, bem como, a um Advogado.<\/p>\n<p>A Pol\u00edcia Militar n\u00e3o est\u00e1 fazendo o seu dever de casa.<\/p>\n<p>Cabe ao Minist\u00e9rio P\u00fablico fiscalizar e cobrar de quem \u00e9 de direito.<\/p>\n<p>&#8212;<br \/>\nEsta mensagem foi enviada atrav\u00e9s do formul\u00e1rio de contato do site R2CPRESS | A Letra Fria da Verdade http:\/\/www.r2cpress.com.br\/v1<\/amarques><\/p>\n","protected":false},"excerpt":{"rendered":"<p>De: Andr\u00e9 Marques Assunto: Den\u00fancia &#8211; SOM ALTO Corpo da mensagem: Ol\u00e1 a todos, Segundo a Constitui\u00e7\u00e3o Federal, nossa Lei maior, no seu Art. 144, V, \u00a7 5\u00b0, \u00c0s policias militares cabem a pol\u00edcia ostensiva e a preserva\u00e7\u00e3o da ordem p\u00fablica. Som veicular, bem como outros tipos de perturba\u00e7\u00e3o ao sossego alheio \u00e9 com a [&hellip;]<\/p>\n","protected":false},"author":2,"featured_media":0,"comment_status":"open","ping_status":"open","sticky":false,"template":"","format":"standard","meta":{"_links_to":"","_links_to_target":""},"categories":[10],"tags":[],"_links":{"self":[{"href":"https:\/\/www.r2cpress.com.br\/v1\/wp-json\/wp\/v2\/posts\/19052"}],"collection":[{"href":"https:\/\/www.r2cpress.com.br\/v1\/wp-json\/wp\/v2\/posts"}],"about":[{"href":"https:\/\/www.r2cpress.com.br\/v1\/wp-json\/wp\/v2\/types\/post"}],"author":[{"embeddable":true,"href":"https:\/\/www.r2cpress.com.br\/v1\/wp-json\/wp\/v2\/users\/2"}],"replies":[{"embeddable":true,"href":"https:\/\/www.r2cpress.com.br\/v1\/wp-json\/wp\/v2\/comments?post=19052"}],"version-history":[{"count":2,"href":"https:\/\/www.r2cpress.com.br\/v1\/wp-json\/wp\/v2\/posts\/19052\/revisions"}],"predecessor-version":[{"id":19054,"href":"https:\/\/www.r2cpress.com.br\/v1\/wp-json\/wp\/v2\/posts\/19052\/revisions\/19054"}],"wp:attachment":[{"href":"https:\/\/www.r2cpress.com.br\/v1\/wp-json\/wp\/v2\/media?parent=19052"}],"wp:term":[{"taxonomy":"category","embeddable":true,"href":"https:\/\/www.r2cpress.com.br\/v1\/wp-json\/wp\/v2\/categories?post=19052"},{"taxonomy":"post_tag","embeddable":true,"href":"https:\/\/www.r2cpress.com.br\/v1\/wp-json\/wp\/v2\/tags?post=19052"}],"curies":[{"name":"wp","href":"https:\/\/api.w.org\/{rel}","templated":true}]}}