{"id":19123,"date":"2011-07-04T18:33:00","date_gmt":"2011-07-04T21:33:00","guid":{"rendered":"http:\/\/www.r2cpress.com.br\/v1\/?p=19123"},"modified":"2011-07-06T19:49:01","modified_gmt":"2011-07-06T22:49:01","slug":"boletim-diario-da-cnbb-4-de-julho-de-2011","status":"publish","type":"post","link":"https:\/\/www.r2cpress.com.br\/v1\/2011\/07\/04\/boletim-diario-da-cnbb-4-de-julho-de-2011\/","title":{"rendered":"Boletim Di\u00e1rio da CNBB, 4 de julho de 2011"},"content":{"rendered":"<p><img loading=\"lazy\" class=\"aligncenter\" src=\"http:\/\/mail.globo.com\/mail\/?ui=2&amp;ik=4b218c2d2f&amp;view=att&amp;th=130f6de359308b8d&amp;attid=0.1&amp;disp=emb&amp;zw\" alt=\"\" width=\"580\" height=\"127\" \/><\/p>\n<p><strong><span style=\"color: #000000; font-family: Arial;\">Bras\u00edlia, 04 de julho de 2011 \u2013 N\u00ba 2583<\/span><\/strong><br \/>\n<strong> <\/strong><br \/>\n<strong><span style=\"color: #7f7f7f; font-family: Arial; font-size: medium;\">REFLEX\u00c3O<\/span><\/strong><br \/>\n<span style=\"color: #000000; font-family: Arial;\">SEGUNDA-FEIRA &#8211; Mt 9, 18-26<\/span><\/p>\n<p><span style=\"color: #000000; font-family: Arial;\">O  Evangelho de hoje nos mostra que n\u00e3o existe problema que n\u00e3o tenha  solu\u00e7\u00e3o verdadeira quando nos aproximamos de Jesus. Tanto o chefe que se  aproxima de Jesus reconhecendo a morte da sua filha, mas acreditando  que a imposi\u00e7\u00e3o das m\u00e3os de Jesus lhe devolver\u00e1 a vida quanto a mulher  que, depois de 12 anos de enfermidade, reconhece que basta tocar a barra  do manto de Jesus que ficar\u00e1 curada foram atendidos. A palavra que  Jesus disse \u00e0 mulher vale para todos n\u00f3s: devemos ter coragem, pois a  nossa f\u00e9 nos salva. Devemos acreditar em Deus e enfrentar, com confian\u00e7a  nele, todos os nossos problemas, pois ele est\u00e1 ao lado de quem cr\u00ea. <\/span><\/p>\n<p><strong><span style=\"color: #7f7f7f; font-family: Arial; font-size: medium;\">COMEMORA\u00c7\u00d5ES<\/span><\/strong><br \/>\n<strong><\/strong><span style=\"color: #365f91; font-family: Arial;\">Ordena\u00e7\u00e3o Presbiteral<\/span><strong> <\/strong><br \/>\n<span style=\"font-family: Symbol;\">\u00b7<span style=\"font-family: Courier New;\"> <\/span><\/span><strong> <span style=\"color: #365f91; font-family: Arial;\">Dom Augustinho Petry, Bispo de Rio do Sul \u2013 SC, 1965 <\/span><\/strong><br \/>\n<strong><\/strong><span style=\"color: #365f91; font-family: Arial;\">Ordena\u00e7\u00e3o Episcopal<\/span><strong> <\/strong><br \/>\n<span style=\"font-family: Symbol;\">\u00b7<span style=\"font-family: Courier New;\"> <\/span><\/span><strong> <span style=\"color: #365f91; font-family: Arial;\">Dom Cresc\u00eanzio Rinaldini, Bispo Em\u00e9rito de Ara\u00e7ua\u00ed \u2013 MG, 1982 <\/span><\/strong><br \/>\n<span style=\"font-family: Symbol;\">\u00b7<span style=\"font-family: Courier New;\"> <\/span><\/span><strong> <span style=\"color: #365f91; font-family: Arial;\">Dom Joaquim Rufino do R\u00eago, Bispo Em\u00e9rito de Parna\u00edba \u2013 PI, 1971 <\/span><\/strong><br \/>\n<strong><\/strong><span style=\"color: #365f91; font-family: Arial;\">Nascimento<\/span><strong> <\/strong><br \/>\n<span style=\"font-family: Symbol;\">\u00b7<span style=\"font-family: Courier New;\"> <\/span><\/span><strong> <span style=\"color: #365f91; font-family: Arial;\">Dom Mauro Montagnoli, CSS, Bispo de Ilh\u00e9us \u2013 BA, 1945 <\/span><\/strong><br \/>\n<span style=\"font-family: Symbol;\">\u00b7<span style=\"font-family: Courier New;\"> <\/span><\/span><strong> <span style=\"color: #365f91; font-family: Arial;\">Dom Esmeraldo Barreto de Farias, Bispo de Santar\u00e9m \u2013 PA, 1949 <\/span><\/strong><\/p>\n<p><strong><span style=\"color: #7f7f7f; font-family: Arial; font-size: medium;\">NOT\u00cdCIAS<\/span><\/strong><\/p>\n<p><span style=\"color: #365f91; font-family: Symbol;\">\u00b7<span style=\"font-family: Courier New;\"> <\/span><\/span><strong> <\/strong><a href=\"http:\/\/www.cnbb.org.br\/site\/imprensa\/noticias\/6988-santa-catarina-e-palco-de-preparativos-para-os-congressos-da-caritas-brasileira\" target=\"_blank\"><strong><span style=\"color: #365f91; font-family: Arial;\">Santa Catarina \u00e9 palco de preparativos para os Congressos da C\u00e1ritas Brasileira<\/span><\/strong><\/a><strong> <\/strong><br \/>\n<span style=\"color: #365f91; font-family: Symbol;\">\u00b7<span style=\"font-family: Courier New;\"> <\/span><\/span><strong> <\/strong><a href=\"http:\/\/www.cnbb.org.br\/site\/regionais\/leste-2\/6987-arquidiocese-de-juiz-de-fora-lamenta-a-morte-do-ex-presidente-itamar-franco\" target=\"_blank\"><strong><span style=\"color: #365f91; font-family: Arial;\">Arquidiocese de Juiz de Fora lamenta a morte do ex-presidente, Itamar Franco<\/span><\/strong><\/a><strong> <\/strong><br \/>\n<span style=\"color: #365f91; font-family: Symbol;\">\u00b7<span style=\"font-family: Courier New;\"> <\/span><\/span><strong> <\/strong><a href=\"http:\/\/www.cnbb.org.br\/site\/regionais\/sul-2\/6985-bispo-de-apucarana-conduz-o-retiro-espiritual-em-curitiba\" target=\"_blank\"><strong><span style=\"color: #365f91; font-family: Arial;\">Bispo de Apucarana conduz o retiro espiritual em Curitiba<\/span><\/strong><\/a><strong> <\/strong><br \/>\n<span style=\"color: #365f91; font-family: Symbol;\">\u00b7<span style=\"font-family: Courier New;\"> <\/span><\/span><strong> <\/strong><a href=\"http:\/\/www.cnbb.org.br\/site\/imprensa\/internacional\/6984-relatorio-de-2010-da-ajuda-a-igreja-que-sofre-mostra-aumento-recorde-de-doacoes\" target=\"_blank\"><strong><span style=\"color: #365f91; font-family: Arial;\">Relat\u00f3rio de 2010 da \u201cAjuda \u00e0 Igreja que sofre\u201d mostra aumento recorde de doa\u00e7\u00f5es<\/span><\/strong><\/a><strong> <\/strong><br \/>\n<span style=\"color: #365f91; font-family: Symbol;\">\u00b7<span style=\"font-family: Courier New;\"> <\/span><\/span><strong> <\/strong><a href=\"http:\/\/www.cnbb.org.br\/site\/imprensa\/internacional\/6983-papa-bento-xvi-se-encontra-com-todos-os-arcebispos-apos-a-entrega-do-palio\" target=\"_blank\"><strong><span style=\"color: #365f91; font-family: Arial;\">Papa Bento XVI se encontra com todos os arcebispos ap\u00f3s a entrega do p\u00e1lio<\/span><\/strong><\/a><strong> <\/strong><br \/>\n<span style=\"color: #365f91; font-family: Symbol;\">\u00b7<span style=\"font-family: Courier New;\"> <\/span><\/span><strong> <\/strong><a href=\"http:\/\/www.cnbb.org.br\/site\/comissoes-episcopais\/caridade-justica-e-paz\/6981-pastoral-da-crianca-lanca-a-campanha-antibioticos-1o-dose-imediata\" target=\"_blank\"><strong><span style=\"color: #365f91; font-family: Arial;\">Pastoral da Crian\u00e7a lan\u00e7a a campanha \u201cAntibi\u00f3ticos: 1\u00aa dose imediata\u201d<\/span><\/strong><\/a><strong> <\/strong><br \/>\n<span style=\"color: #365f91; font-family: Symbol;\">\u00b7<span style=\"font-family: Courier New;\"> <\/span><\/span><strong> <\/strong><a href=\"http:\/\/www.cnbb.org.br\/site\/regionais\/leste-1\/6978-jornada-da-juventude-da-diocese-de-barra-do-piraivolta-redonda-reune-dois-mil-jovens\" target=\"_blank\"><strong><span style=\"color: #365f91; font-family: Arial;\">Jornada da Juventude da diocese de Barra do Pira\u00ed\/Volta Redonda re\u00fane dois mil jovens<\/span><\/strong><\/a><strong> <\/strong><br \/>\n<span style=\"color: #365f91; font-family: Symbol;\">\u00b7<span style=\"font-family: Courier New;\"> <\/span><\/span><strong> <\/strong><a href=\"http:\/\/www.cnbb.org.br\/site\/regionais\/leste-1\/6976-encontro-regional-de-presbiteros-do-regional-leste-1-reflete-exortacao-apostolica-verbum-domini\" target=\"_blank\"><strong><span style=\"color: #365f91; font-family: Arial;\">Encontro Regional de Presb\u00edteros do Regional Leste 1 reflete \u201cExorta\u00e7\u00e3o Apost\u00f3lica Verbum Domini\u201d<\/span><\/strong><\/a><strong> <\/strong><br \/>\n<span style=\"color: #365f91; font-family: Symbol;\">\u00b7<span style=\"font-family: Courier New;\"> <\/span><\/span><strong> <\/strong><a href=\"http:\/\/www.cnbb.org.br\/site\/regionais\/nordeste-4\/6975-diocese-de-oeiras-elege-conselho-de-leigos\" target=\"_blank\"><strong><span style=\"color: #365f91; font-family: Arial;\">Diocese de Oeiras elege Conselho de Leigos<\/span><\/strong><\/a><strong> <\/strong><br \/>\n<span style=\"color: #365f91; font-family: Symbol;\">\u00b7<span style=\"font-family: Courier New;\"> <\/span><\/span><strong> <\/strong><a href=\"http:\/\/www.cnbb.org.br\/site\/comissoes-episcopais\/caridade-justica-e-paz\/6974-santa-catarina-vai-sediar-o-2o-congresso-sul-brasileiro-da-pastoral-da-sobriedade\" target=\"_blank\"><strong><span style=\"color: #365f91; font-family: Arial;\">Santa Catarina vai sediar o 2\u00ba Congresso Sul Brasileiro da Pastoral da Sobriedade<\/span><\/strong><\/a><strong> <\/strong><br \/>\n<span style=\"color: #365f91; font-family: Symbol;\">\u00b7<span style=\"font-family: Courier New;\"> <\/span><\/span><strong> <\/strong><a href=\"http:\/\/www.cnbb.org.br\/site\/regionais\/sul-1\/6973-pastorais-sociais-promovem-seminario-sobre-mudancas-climaticas-e-justica-social\" target=\"_blank\"><strong><span style=\"color: #365f91; font-family: Arial;\">Pastorais Sociais promovem semin\u00e1rio sobre mudan\u00e7as clim\u00e1ticas e justi\u00e7a social<\/span><\/strong><\/a><strong> <\/strong><br \/>\n<span style=\"color: #365f91; font-family: Symbol;\">\u00b7<span style=\"font-family: Courier New;\"> <\/span><\/span><strong> <\/strong><a href=\"http:\/\/www.cnbb.org.br\/site\/comissoes-episcopais\/juventude\/6972-comissao-para-a-juventude-discute-projetos-e-preparativos-para-a-jmj-2011\" target=\"_blank\"><strong><span style=\"color: #365f91; font-family: Arial;\">Comiss\u00e3o para a Juventude discute projetos e preparativos para a JMJ-2011<\/span><\/strong><\/a><strong> <\/strong><br \/>\n<span style=\"color: #365f91; font-family: Symbol;\">\u00b7<span style=\"font-family: Courier New;\"> <\/span><\/span><strong> <\/strong><a href=\"http:\/\/www.cnbb.org.br\/site\/regionais\/leste-1\/6971-governo-anuncia-construcao-de-casas-e-dom-filippo-santoro-cobra-agilidade\" target=\"_blank\"><strong><span style=\"color: #365f91; font-family: Arial;\">Governo anuncia constru\u00e7\u00e3o de casas e dom Filippo Santoro cobra agilidade<\/span><\/strong><\/a><strong> <\/strong><br \/>\n<span style=\"color: #365f91; font-family: Symbol;\">\u00b7<span style=\"font-family: Courier New;\"> <\/span><\/span><strong> <\/strong><a href=\"http:\/\/www.cnbb.org.br\/site\/imprensa\/noticias\/6969-goiania-recebe-o-12o-encontro-nacional-da-familia-vicentina-\" target=\"_blank\"><strong><span style=\"color: #365f91; font-family: Arial;\">Goi\u00e2nia recebe o 12\u00ba Encontro Nacional da Fam\u00edlia Vicentina<\/span><\/strong><\/a><strong> <\/strong><br \/>\n<span style=\"color: #365f91; font-family: Symbol;\">\u00b7<span style=\"font-family: Courier New;\"> <\/span><\/span><strong> <\/strong><a href=\"http:\/\/www.cnbb.org.br\/site\/regionais\/sul-3\/6968-mais-seis-paroquias-se-preparam-para-as-santas-missoes-populares\" target=\"_blank\"><strong><span style=\"color: #365f91; font-family: Arial;\">Mais seis par\u00f3quias se preparam para as Santas Miss\u00f5es Populares<\/span><\/strong><\/a><strong> <\/strong><br \/>\n<span style=\"color: #365f91; font-family: Symbol;\">\u00b7<span style=\"font-family: Courier New;\"> <\/span><\/span><strong> <\/strong><a href=\"http:\/\/www.cnbb.org.br\/site\/regionais\/noroeste\/6966-dom-moacyr-grechi-comemora-50-anos-de-vida-sacerdotal\" target=\"_blank\"><strong><span style=\"color: #365f91; font-family: Arial;\">Dom Moacyr Grechi comemora 50 anos de vida sacerdotal<\/span><\/strong><\/a><strong> <\/strong><br \/>\n<span style=\"color: #365f91; font-family: Symbol;\">\u00b7<span style=\"font-family: Courier New;\"> <\/span><\/span><strong> <\/strong><a href=\"http:\/\/www.cnbb.org.br\/site\/imprensa\/noticias\/6964-monsenhor-wilson-sera-ordenado-bispo-hoje-em-taquaritinga\" target=\"_blank\"><strong><span style=\"color: #365f91; font-family: Arial;\">Monsenhor Wilson ser\u00e1 ordenado bispo hoje em Taquaritinga<\/span><\/strong><\/a><strong> <\/strong><br \/>\n<span style=\"color: #365f91; font-family: Symbol;\">\u00b7<span style=\"font-family: Courier New;\"> <\/span><\/span><strong> <\/strong><a href=\"http:\/\/www.cnbb.org.br\/site\/regionais\/leste-1\/6957-diocese-de-barra-do-piraivolta-redonda-realiza-jornada-diocesana-da-juventude-neste-domingo\" target=\"_blank\"><strong><span style=\"color: #365f91; font-family: Arial;\">Diocese de Barra do Pira\u00ed\/Volta Redonda realiza Jornada Diocesana da Juventude neste domingo<\/span><\/strong><\/a><strong> <\/strong><br \/>\n<span style=\"color: #365f91; font-family: Symbol;\">\u00b7<span style=\"font-family: Courier New;\"> <\/span><\/span><strong> <\/strong><a href=\"http:\/\/www.cnbb.org.br\/site\/regionais\/sul-2\/6956-dom-jose-maria-maimone-celebra-50-anos-de-vida-sacerdotal-\" target=\"_blank\"><strong><span style=\"color: #365f91; font-family: Arial;\">Dom Jos\u00e9 Maria Maimone celebra 50 anos de vida sacerdotal<\/span><\/strong><\/a><strong> <\/strong><br \/>\n<span style=\"color: #365f91; font-family: Symbol;\">\u00b7<span style=\"font-family: Courier New;\"> <\/span><\/span><strong> <\/strong><a href=\"http:\/\/www.cnbb.org.br\/site\/imprensa\/noticias\/6953-conselho-indigenista-missionario-lanca-relatorio-alarmante-sobre-condicoes-dos-povos-indigenas-no-pais-\" target=\"_blank\"><strong><span style=\"color: #365f91; font-family: Arial;\">Conselho Indigenista Mission\u00e1rio lan\u00e7a relat\u00f3rio alarmante sobre condi\u00e7\u00f5es dos povos ind\u00edgenas no pa\u00eds<\/span><\/strong><\/a><strong> <\/strong><br \/>\n<span style=\"color: #365f91; font-family: Symbol;\">\u00b7<span style=\"font-family: Courier New;\"> <\/span><\/span><strong> <\/strong><a href=\"http:\/\/www.cnbb.org.br\/site\/imprensa\/noticias\/6952-mcce-realiza-pesquisa-sobre-o-uso-da-internet-e-a-participacao-dos-brasileiros-na-politica\" target=\"_blank\"><strong><span style=\"color: #365f91; font-family: Arial;\">MCCE realiza pesquisa sobre o uso da internet e a participa\u00e7\u00e3o dos brasileiros na pol\u00edtica<\/span><\/strong><\/a><strong> <\/strong><br \/>\n<span style=\"color: #365f91; font-family: Symbol;\">\u00b7<span style=\"font-family: Courier New;\"> <\/span><\/span><strong> <\/strong><a href=\"http:\/\/www.cnbb.org.br\/site\/da-mobilidade-humana\/6951-cidade-de-vila-velha-recebe-no-proximo-dia-12-a-24o-assembleia-da-pastoral-nomade\" target=\"_blank\"><strong><span style=\"color: #365f91; font-family: Arial;\">Cidade de Vila Velha recebe, no pr\u00f3ximo dia 12, a 24\u00aa Assembleia da Pastoral N\u00f4made<\/span><\/strong><\/a><strong> <\/strong><br \/>\n<span style=\"color: #365f91; font-family: Symbol;\">\u00b7<span style=\"font-family: Courier New;\"> <\/span><\/span><strong> <\/strong><a href=\"http:\/\/www.cnbb.org.br\/site\/imprensa\/internacional\/6950-pontificio-conselho-divulga-documento-inter-religioso-sobre-a-conduta-da-fe\" target=\"_blank\"><strong><span style=\"color: #365f91; font-family: Arial;\">Pontif\u00edcio Conselho divulga documento Inter-religioso sobre a conduta da f\u00e9<\/span><\/strong><\/a><strong> <\/strong><br \/>\n<span style=\"color: #365f91; font-family: Symbol;\">\u00b7<span style=\"font-family: Courier New;\"> <\/span><\/span><strong> <\/strong><a href=\"http:\/\/www.cnbb.org.br\/site\/comissoes-episcopais\/juventude\/6949-comunicado-da-comissao-episcopal-pastoral-para-a-juventude\" target=\"_blank\"><strong><span style=\"color: #365f91; font-family: Arial;\">Comunicado da Comiss\u00e3o Episcopal Pastoral para a Juventude<\/span><\/strong><\/a><strong> <\/strong><br \/>\n<span style=\"color: #365f91; font-family: Symbol;\">\u00b7<span style=\"font-family: Courier New;\"> <\/span><\/span><strong> <\/strong><a href=\"http:\/\/www.cnbb.org.br\/site\/imprensa\/noticias\/6948-missa-dos-parlamentares-destaca-a-celebracao-da-solenidade-de-pedro-e-paulo-\" target=\"_blank\"><strong><span style=\"color: #365f91; font-family: Arial;\">Missa dos Parlamentares destaca a celebra\u00e7\u00e3o da Solenidade de Pedro e Paulo<\/span><\/strong><\/a><strong> <\/strong><br \/>\n<span style=\"color: #365f91; font-family: Symbol;\">\u00b7<span style=\"font-family: Courier New;\"> <\/span><\/span><strong> <\/strong><a href=\"http:\/\/www.cnbb.org.br\/site\/imprensa\/noticias\/6947-entidades-protestam-contra-a-violencia-de-agentes-de-seguranca-publica-de-goias\" target=\"_blank\"><strong><span style=\"color: #365f91; font-family: Arial;\">Entidades protestam contra a viol\u00eancia de agentes de seguran\u00e7a p\u00fablica de Goi\u00e1s<\/span><\/strong><\/a><strong> <\/strong><br \/>\n<strong> <\/strong><br \/>\n<strong><span style=\"color: #000000; font-family: Arial;\">ACESSE TAMB\u00c9M:<\/span><\/strong><\/p>\n<p><span style=\"color: #244061; font-family: Symbol; font-size: medium;\">\u00b7<span style=\"font-family: Courier New;\"> <\/span><\/span><strong><\/strong> <span style=\"color: #244061; font-family: Arial; font-size: medium;\">Not\u00edcias:<\/span><strong> <\/strong><a href=\"http:\/\/www.cnbb.org.br\/\" target=\"_blank\"><strong><\/strong><span style=\"color: #244061; font-family: Arial; font-size: medium;\">www.cnbb.org.br<\/span><strong><\/strong><\/a><strong><\/strong><\/p>\n<p><span style=\"color: #244061; font-family: Symbol; font-size: medium;\">\u00b7<span style=\"font-family: Courier New;\"> <\/span><\/span><strong><\/strong> <span style=\"color: #244061; font-family: Arial; font-size: medium;\">Liturgia Di\u00e1ria:<\/span><strong> <\/strong><a href=\"http:\/\/www.cnbb.org.br\/liturgia\" target=\"_blank\"><strong><\/strong><span style=\"color: #244061; font-family: Arial; font-size: medium;\">www.cnbb.org.br\/liturgia<\/span><strong><\/strong><\/a><strong> <\/strong><\/p>\n","protected":false},"excerpt":{"rendered":"<p>Bras\u00edlia, 04 de julho de 2011 \u2013 N\u00ba 2583 REFLEX\u00c3O SEGUNDA-FEIRA &#8211; Mt 9, 18-26 O Evangelho de hoje nos mostra que n\u00e3o existe problema que n\u00e3o tenha solu\u00e7\u00e3o verdadeira quando nos aproximamos de Jesus. Tanto o chefe que se aproxima de Jesus reconhecendo a morte da sua filha, mas acreditando que a imposi\u00e7\u00e3o das [&hellip;]<\/p>\n","protected":false},"author":2,"featured_media":0,"comment_status":"open","ping_status":"open","sticky":false,"template":"","format":"standard","meta":{"_links_to":"","_links_to_target":""},"categories":[18],"tags":[],"_links":{"self":[{"href":"https:\/\/www.r2cpress.com.br\/v1\/wp-json\/wp\/v2\/posts\/19123"}],"collection":[{"href":"https:\/\/www.r2cpress.com.br\/v1\/wp-json\/wp\/v2\/posts"}],"about":[{"href":"https:\/\/www.r2cpress.com.br\/v1\/wp-json\/wp\/v2\/types\/post"}],"author":[{"embeddable":true,"href":"https:\/\/www.r2cpress.com.br\/v1\/wp-json\/wp\/v2\/users\/2"}],"replies":[{"embeddable":true,"href":"https:\/\/www.r2cpress.com.br\/v1\/wp-json\/wp\/v2\/comments?post=19123"}],"version-history":[{"count":6,"href":"https:\/\/www.r2cpress.com.br\/v1\/wp-json\/wp\/v2\/posts\/19123\/revisions"}],"predecessor-version":[{"id":19128,"href":"https:\/\/www.r2cpress.com.br\/v1\/wp-json\/wp\/v2\/posts\/19123\/revisions\/19128"}],"wp:attachment":[{"href":"https:\/\/www.r2cpress.com.br\/v1\/wp-json\/wp\/v2\/media?parent=19123"}],"wp:term":[{"taxonomy":"category","embeddable":true,"href":"https:\/\/www.r2cpress.com.br\/v1\/wp-json\/wp\/v2\/categories?post=19123"},{"taxonomy":"post_tag","embeddable":true,"href":"https:\/\/www.r2cpress.com.br\/v1\/wp-json\/wp\/v2\/tags?post=19123"}],"curies":[{"name":"wp","href":"https:\/\/api.w.org\/{rel}","templated":true}]}}