{"id":19132,"date":"2011-07-04T19:03:55","date_gmt":"2011-07-04T22:03:55","guid":{"rendered":"http:\/\/www.r2cpress.com.br\/v1\/?p=19132"},"modified":"2011-07-04T19:03:55","modified_gmt":"2011-07-04T22:03:55","slug":"por-que-jesus-dobrou-o-lenco","status":"publish","type":"post","link":"https:\/\/www.r2cpress.com.br\/v1\/2011\/07\/04\/por-que-jesus-dobrou-o-lenco\/","title":{"rendered":"POR QUE JESUS DOBROU O LEN\u00c7O?"},"content":{"rendered":"<p><strong>O LEN\u00c7O DOBRADO (Jo\u00e3o 20:7)<\/strong><\/p>\n<p>Por que Jesus dobrou o len\u00e7o que cobria sua cabe\u00e7a no sepulcro depois de sua ressurrei\u00e7\u00e3o?<\/p>\n<p>Eu nunca havia detido minha aten\u00e7\u00e3o a esse detalhe.<\/p>\n<p><em>Em Jo\u00e3o 20:7 \u2013  nos conta que aquele len\u00e7o que foi colocado sobre a face de Jesus, n\u00e3o foi apenas deixado de lado como os len\u00e7\u00f3is no t\u00famulo.  A B\u00edblia reserva um vers\u00edculo inteiro para nos contar que o len\u00e7o fora dobrado cuidadosamente e colocado na cabeceira do t\u00famulo de pedra.<\/p>\n<p>Bem cedo pela manh\u00e3 de domingo, Maria Madalena veio \u00e0 tumba e descobriu que a pedra havia sido removida da entrada. Ela correu e encontrou Sim\u00e3o Pedro e outro disc\u00edpulo, aquele que Jesus tanto amara {Jo\u00e3o, o Evangelista} e disse ela:  \u201cEles tiraram o corpo do Senhor e eu n\u00e3o sei para onde eles o levaram.\u201d<\/p>\n<p>Pedro e o outro disc\u00edpulo correram ao t\u00famulo para ver. O outro disc\u00edpulo passou \u00e0 frente de Pedro e l\u00e1 primeiro chegou. Ele parou e observou os len\u00e7\u00f3is, mas ele n\u00e3o entrou. Ent\u00e3o Sim\u00e3o Pedro chegou e entrou. Ele tamb\u00e9m notou os len\u00e7\u00f3is ali deixados, enquanto o len\u00e7o que cobrira a face de Jesus estava dobrado e colocado em um lado.<\/p>\n<p>Isto \u00e9 importante? Definitivamente.<br \/>\nIsto \u00e9 significante? Sim.<\/p>\n<p>Para poder entender a signific\u00e2ncia do len\u00e7o dobrado, voc\u00ea tem que entender um pouco a respeito da tradi\u00e7\u00e3o Hebraica daquela \u00e9poca.<\/p>\n<p>O len\u00e7o dobrado tem que a ver com o Amo e o Servo;  e todo menino Judeu conhecia a tradi\u00e7\u00e3o.<\/p>\n<p>Quando o Servo colocava a mesa de jantar para o seu Amo, ele buscava ter certeza em faz\u00ea-lo exatamente da maneira que seu Amo queria.<\/p>\n<p>A mesa era colocada perfeitamente e o Servo esperaria fora da vis\u00e3o do Amo at\u00e9 que o mesmo terminasse a refei\u00e7\u00e3o. O Servo n\u00e3o se atreveria nunca tocar a mesa antes que o Amo tivesse terminado a refei\u00e7\u00e3o.<\/p>\n<p>Se o Amo tivesse terminado a refei\u00e7\u00e3o, ele se levantaria, limparia seus dedos, sua boca e limparia sua barba e embolaria seu len\u00e7o e o jogaria sobre a mesa. Naquele tempo o len\u00e7o embolado queria dizer: \u201cEu terminei\u201d.<\/p>\n<p>Eu n\u00e3o sabia a respeito.<\/p>\n<p>Se o Amo se levantasse e deixasse o len\u00e7o dobrado ao lado do prato, o Servo n\u00e3o ousaria em tocar a mesa porque o len\u00e7o dobrado queria dizer:<\/p>\n<p>\u201cEu voltarei!\u201d<\/em><\/p>\n<p>Ele est\u00e1 voltando! O recado nos foi dado claramente!<\/p>\n<p>Oro para que voc\u00ea seja aben\u00e7oado com a paz e a alegria em saber que Ele est\u00e1 voltando e isso pode ser muito breve.<\/p>\n<p>Esteja pronto, preparado!<br \/>\nDeus aben\u00e7oe a todos voc\u00eas que cr\u00eaem!<br \/>\nAbra\u00e7os.<\/p>\n","protected":false},"excerpt":{"rendered":"<p>O LEN\u00c7O DOBRADO (Jo\u00e3o 20:7) Por que Jesus dobrou o len\u00e7o que cobria sua cabe\u00e7a no sepulcro depois de sua ressurrei\u00e7\u00e3o? Eu nunca havia detido minha aten\u00e7\u00e3o a esse detalhe. Em Jo\u00e3o 20:7 \u2013 nos conta que aquele len\u00e7o que foi colocado sobre a face de Jesus, n\u00e3o foi apenas deixado de lado como os [&hellip;]<\/p>\n","protected":false},"author":2,"featured_media":0,"comment_status":"open","ping_status":"open","sticky":false,"template":"","format":"standard","meta":{"_links_to":"","_links_to_target":""},"categories":[17],"tags":[],"_links":{"self":[{"href":"https:\/\/www.r2cpress.com.br\/v1\/wp-json\/wp\/v2\/posts\/19132"}],"collection":[{"href":"https:\/\/www.r2cpress.com.br\/v1\/wp-json\/wp\/v2\/posts"}],"about":[{"href":"https:\/\/www.r2cpress.com.br\/v1\/wp-json\/wp\/v2\/types\/post"}],"author":[{"embeddable":true,"href":"https:\/\/www.r2cpress.com.br\/v1\/wp-json\/wp\/v2\/users\/2"}],"replies":[{"embeddable":true,"href":"https:\/\/www.r2cpress.com.br\/v1\/wp-json\/wp\/v2\/comments?post=19132"}],"version-history":[{"count":2,"href":"https:\/\/www.r2cpress.com.br\/v1\/wp-json\/wp\/v2\/posts\/19132\/revisions"}],"predecessor-version":[{"id":19134,"href":"https:\/\/www.r2cpress.com.br\/v1\/wp-json\/wp\/v2\/posts\/19132\/revisions\/19134"}],"wp:attachment":[{"href":"https:\/\/www.r2cpress.com.br\/v1\/wp-json\/wp\/v2\/media?parent=19132"}],"wp:term":[{"taxonomy":"category","embeddable":true,"href":"https:\/\/www.r2cpress.com.br\/v1\/wp-json\/wp\/v2\/categories?post=19132"},{"taxonomy":"post_tag","embeddable":true,"href":"https:\/\/www.r2cpress.com.br\/v1\/wp-json\/wp\/v2\/tags?post=19132"}],"curies":[{"name":"wp","href":"https:\/\/api.w.org\/{rel}","templated":true}]}}