{"id":19401,"date":"2011-07-07T22:22:49","date_gmt":"2011-07-08T01:22:49","guid":{"rendered":"http:\/\/www.r2cpress.com.br\/v1\/?p=19401"},"modified":"2011-07-07T22:28:12","modified_gmt":"2011-07-08T01:28:12","slug":"entrada-dos-bairros-nsa-sra-da-vitoria-e-ceplus","status":"publish","type":"post","link":"https:\/\/www.r2cpress.com.br\/v1\/2011\/07\/07\/entrada-dos-bairros-nsa-sra-da-vitoria-e-ceplus\/","title":{"rendered":"ENTRADA DOS BAIRROS NSA. SRA DA VIT\u00d3RIA E CEPLUS"},"content":{"rendered":"<p>Caro Rabat,<\/p>\n<p><a href = \"http:\/\/www.r2cpress.com.br\/v1\/2011\/06\/14\/entrada-da-ceplusns-vitoria-imagens-do-descaso\/\" target = \"_news\"><b>N\u00c3O, N\u00c3O \u00c9 REPETI\u00c7\u00c3O, N\u00c3O S\u00c3O AS MESMAS FOTOS, \u00c9 QUE 01 M\u00caS DEPOIS DE MOSTRAR AQUI NO SITE O DESCASO DO PODER P\u00daBLICO COM A ZONA SUL DA CIDADE, A SITUA\u00c7\u00c3O PERMANECE A MESMA.<\/b><\/a><\/p>\n<p>UMA DAS VIAS DE ENTRADA, O TREVO DE ACESSO AOS BAIRROS N.SRA DA VIT\u00d3RIA E CEPLUS, UMA DAS ENTRADAS DA CIDADE PARA QUEM VEM DE OLIVEN\u00c7A\/UNA\/CANAVIEIRAS SE ENCONTRA COMPLETAMENTE ABANDONADA, E COM UM BURACO IMENSO, QUE AL\u00c9M DO GRANDE RISCO DE ACIDENTES PROVOCA TRANSTORNOS AOS MORADORES DA REGI\u00c3O.<\/p>\n<p>O MAIS REVOLTANTE \u00c9 QUE SEQUER UMA SINALIZA\u00c7\u00c3O \u00c9 COLOCADA NO LUGAR. R \u00cd D I C U L O!!!<\/p>\n<p>H\u00c1 SETE MESES PELO MENOS ESSE ENORME ROMBO SE INSTALOU NA \u00c1REA, QUE TINHA ASFALTO NORMAL E DEPOIS DO IN\u00cdCIO DAS &#8220;OBRAS&#8221; DA ORLA DA ZONA SUL, QUE N\u00c3O SAIU DO LUGAR, FICOU DE HERAN\u00c7A PARA A REGI\u00c3O&#8230;AL\u00c9M DE TIRAREM O ASFALTO, DEIXARAM UMA BOCA DE ESGOTO ABERTA, QUE PODE PROVOCAR UM GRAVE ACIDENTE. \u00d4NIBUS PASSAM NO LOCAL, O QUE PIORA AINDA MAIS A SITUA\u00c7\u00c3O DO LUGAR&#8230;<\/p>\n<p>FA\u00c7O UM APELO AS AUTORIDADES, SEJA QUEM FOR, EMBASA, PREFEITURA, FUNAI, ONU, FBI&#8230;<br \/>\nTENHAM ORGULHO FERIDO, N\u00c3O \u00c9 POSS\u00cdVEL&#8230;VEREM ISSO E NADA SER FEITO!!!<\/p>\n<p><strong>SEGUEM AS FOTOS <\/strong><\/p>\n<div id=\"attachment_19402\" style=\"width: 202px\" class=\"wp-caption aligncenter\"><a href=\"http:\/\/www.r2cpress.com.br\/v1\/wp-content\/uploads\/MONT-CAPA-SITE80.jpg\"><img aria-describedby=\"caption-attachment-19402\" loading=\"lazy\" src=\"http:\/\/www.r2cpress.com.br\/v1\/wp-content\/uploads\/MONT-CAPA-SITE80-192x300.jpg\" alt=\"\" title=\"MONT CAPA SITE\" width=\"192\" height=\"300\" class=\"size-medium wp-image-19402\" srcset=\"https:\/\/www.r2cpress.com.br\/v1\/wp-content\/uploads\/MONT-CAPA-SITE80-192x300.jpg 192w, https:\/\/www.r2cpress.com.br\/v1\/wp-content\/uploads\/MONT-CAPA-SITE80-658x1024.jpg 658w\" sizes=\"(max-width: 192px) 100vw, 192px\" \/><\/a><p id=\"caption-attachment-19402\" class=\"wp-caption-text\">Clique para AMPLIAR.<\/p><\/div>\n<p>E O V\u00cdDEO QUE EST\u00c1 NO YOUTUBE !!!<br \/>\n<center><object width=\"450\" height=\"390\"><param name=\"movie\" value=\"http:\/\/www.youtube.com\/v\/uUagKsDHLQ0&#038;hl=en_US&#038;feature=player_embedded&#038;version=3\"><\/param><param name=\"allowFullScreen\" value=\"true\"><\/param><param name=\"allowScriptAccess\" value=\"always\"><\/param><embed src=\"http:\/\/www.youtube.com\/v\/uUagKsDHLQ0&#038;hl=en_US&#038;feature=player_embedded&#038;version=3\" type=\"application\/x-shockwave-flash\" allowfullscreen=\"true\" allowScriptAccess=\"always\" width=\"450\" height=\"390\"><\/embed><\/object><\/center><\/p>\n<p>&#8212;<br \/>\nGlauber<\/p>\n","protected":false},"excerpt":{"rendered":"<p>Caro Rabat, N\u00c3O, N\u00c3O \u00c9 REPETI\u00c7\u00c3O, N\u00c3O S\u00c3O AS MESMAS FOTOS, \u00c9 QUE 01 M\u00caS DEPOIS DE MOSTRAR AQUI NO SITE O DESCASO DO PODER P\u00daBLICO COM A ZONA SUL DA CIDADE, A SITUA\u00c7\u00c3O PERMANECE A MESMA. UMA DAS VIAS DE ENTRADA, O TREVO DE ACESSO AOS BAIRROS N.SRA DA VIT\u00d3RIA E CEPLUS, UMA DAS [&hellip;]<\/p>\n","protected":false},"author":2,"featured_media":0,"comment_status":"open","ping_status":"open","sticky":false,"template":"","format":"standard","meta":{"_links_to":"","_links_to_target":""},"categories":[10],"tags":[],"_links":{"self":[{"href":"https:\/\/www.r2cpress.com.br\/v1\/wp-json\/wp\/v2\/posts\/19401"}],"collection":[{"href":"https:\/\/www.r2cpress.com.br\/v1\/wp-json\/wp\/v2\/posts"}],"about":[{"href":"https:\/\/www.r2cpress.com.br\/v1\/wp-json\/wp\/v2\/types\/post"}],"author":[{"embeddable":true,"href":"https:\/\/www.r2cpress.com.br\/v1\/wp-json\/wp\/v2\/users\/2"}],"replies":[{"embeddable":true,"href":"https:\/\/www.r2cpress.com.br\/v1\/wp-json\/wp\/v2\/comments?post=19401"}],"version-history":[{"count":8,"href":"https:\/\/www.r2cpress.com.br\/v1\/wp-json\/wp\/v2\/posts\/19401\/revisions"}],"predecessor-version":[{"id":19409,"href":"https:\/\/www.r2cpress.com.br\/v1\/wp-json\/wp\/v2\/posts\/19401\/revisions\/19409"}],"wp:attachment":[{"href":"https:\/\/www.r2cpress.com.br\/v1\/wp-json\/wp\/v2\/media?parent=19401"}],"wp:term":[{"taxonomy":"category","embeddable":true,"href":"https:\/\/www.r2cpress.com.br\/v1\/wp-json\/wp\/v2\/categories?post=19401"},{"taxonomy":"post_tag","embeddable":true,"href":"https:\/\/www.r2cpress.com.br\/v1\/wp-json\/wp\/v2\/tags?post=19401"}],"curies":[{"name":"wp","href":"https:\/\/api.w.org\/{rel}","templated":true}]}}