{"id":19655,"date":"2011-07-12T00:45:34","date_gmt":"2011-07-12T03:45:34","guid":{"rendered":"http:\/\/www.r2cpress.com.br\/v1\/?p=19655"},"modified":"2011-07-11T19:11:50","modified_gmt":"2011-07-11T22:11:50","slug":"luiz-castro-em-decolores-18","status":"publish","type":"post","link":"https:\/\/www.r2cpress.com.br\/v1\/2011\/07\/12\/luiz-castro-em-decolores-18\/","title":{"rendered":"Luiz Castro em: DECOLORES"},"content":{"rendered":"<p>                     <center><img src = \"http:\/\/www.r2cpress.com.br\/v1\/wp-content\/uploads\/luiz-castro.jpg\"\/><\/center><br \/>\n   <center> <strong>   72 ANOS DO CLUBE SOCIAL DE ILH\u00c9US<\/strong><\/center><br \/>\n<b><center><font color = \"red\">Link para as fotos no final<\/font><\/center><\/b><br \/>\n<center><a href=\"http:\/\/www.r2cpress.com.br\/v1\/wp-content\/uploads\/mont-capa-site_csi_450.jpg\"><img loading=\"lazy\" src=\"http:\/\/www.r2cpress.com.br\/v1\/wp-content\/uploads\/mont-capa-site_csi_450.jpg\" alt=\"\" title=\"mont capa site_csi_450\" width=\"450\" height=\"403\" class=\"aligncenter size-full wp-image-19656\" srcset=\"https:\/\/www.r2cpress.com.br\/v1\/wp-content\/uploads\/mont-capa-site_csi_450.jpg 450w, https:\/\/www.r2cpress.com.br\/v1\/wp-content\/uploads\/mont-capa-site_csi_450-300x268.jpg 300w\" sizes=\"(max-width: 450px) 100vw, 450px\" \/><\/a> <\/center><br \/>\nFundado em 12 de julho de 1939, o Clube Social de Ilh\u00e9us, mais conhecido por \u201cO Aristocr\u00e1tico\u201d, continua firme e forte, gra\u00e7as ao dinamismo, coragem e compet\u00eancia do jovem  Alberto Pessoa, conhecido por todos por Albertinho Pessoa.  Trata=se de um administrador capaz, que possui  vis\u00e3o de futuro, que tem mostrado a sociedade ilheense o quanto \u00e9 poss\u00edvel administrar em \u00e9pocas \u201cde vacas magras\u201d. Desse modo assumiu a Presid\u00eancia com luz, \u00e1gua e telefone cortados, dividas trabalhistas, bens sendo penhorados, descr\u00e9dito total na pra\u00e7a, numero bastante reduzido de associados, estrutura f\u00edsica sem manuten\u00e7\u00e3o e conserva\u00e7\u00e3o, em fim numa situa\u00e7\u00e3o bastante desastrosa.         <\/p>\n<p>                                             O Presidente teve que arrega\u00e7ar as mangas, convocando sua diretoria para o desafio definitivo de recuperar o clube o quanto antes poss\u00edvel, e imediatamente colocou de maneira espont\u00e2nea um determinado valor, na esperan\u00e7a de um dia ser ressarcido, o que veio acontecer. V\u00e1rios melhoramentos v\u00eam sendo realizados a exemplo da pintura geral de todos os setores, reforma do parque, casa de maquina da piscina, sal\u00e3o de jogos, gin\u00e1sio de esportes, cozinha, bar, sanit\u00e1rios, catraca eletr\u00f4nica, telhado, pagamento de sal\u00e1rios dos funcion\u00e1rios antes do dia 05 de cada m\u00eas, f\u00e9rias pagas, 13\u00ba antecipado, contas de \u00e1gua, luz e telefone em dias, sem divida junto ao FGTS e INSS.    <\/p>\n<p><!--more-->                               <\/p>\n<p>Com a diretoria unida e coesa, v\u00e1rias modalidades de esportes v\u00eam sendo praticados.  Houve tamb\u00e9m aumento de n\u00fameros de associados, o restaurante arrendado no intuito de oferecer  um card\u00e1pio variados de refei\u00e7\u00f5es, salgados e bebidas  com  pre\u00e7os acess\u00edvel.<\/p>\n<p>Um fato inusitado ocorreu por ocasi\u00e3o de sua  reelei\u00e7\u00e3o, ap\u00f3s prestar contas para assembl\u00e9ia geral, colocou a documenta\u00e7\u00e3o cont\u00e1bil  \u00e0 disposi\u00e7\u00e3o dos presentes, inclusive o saldo financeiro em dinheiro vivo no valor aproximado de R$ 24.000,00 (Vinte e quatro mil reais).<\/p>\n<p>Existem planos da atual Diretoria em intensificar as atividades esportivas do Clube, com a cria\u00e7\u00e3o de uma quadra de esporte com grama sint\u00e9tica, reforma geral do parque aqu\u00e1tico, com coloca\u00e7\u00e3o de azulejos nas piscinas e piso em geral.<\/p>\n<p>Proclamo aos associados contribuintes e remidos para uma visita in loco, bem como voltar a freq\u00fcentar, principalmente aos s\u00e1bados e domingos, quando \u00e9 oferecido musica ao vivo. <\/p>\n<p>O Clube Social de Ilh\u00e9us est\u00e1 vivo e atuante cada vez mais em prol de seus associados, pois se trata de um patrim\u00f4nio nosso  que tanto j\u00e1 contribuiu com realiza\u00e7\u00f5es de festas e eventos sociais nesta cidade de S\u00e3o Jorge dos Ilh\u00e9us.<\/p>\n<p>Parab\u00e9ns Albertinho Pessoa e sua diretoria.<br \/>\nParab\u00e9ns Clube Social de Ilh\u00e9us  pelo seu anivers\u00e1rio!<\/p>\n<p><center>Veja as fotos clicando <a href = \"https:\/\/picasaweb.google.com\/r2cpress\/FOTOSREDUZIDASEILUSTRATIVASPARAOSITEALBUM02#5628218233389264898\" target = \"_news\"><b>AQUI<\/b><\/a> e depois na seta para avan\u00e7ar.<\/center><br \/>\n&#8212;<br \/>\nLuiz Castro<br \/>\nAssociado Remido<br \/>\nEmail: lmcdecolores@yahoo.com.br <\/p>\n","protected":false},"excerpt":{"rendered":"<p>72 ANOS DO CLUBE SOCIAL DE ILH\u00c9US Link para as fotos no final Fundado em 12 de julho de 1939, o Clube Social de Ilh\u00e9us, mais conhecido por \u201cO Aristocr\u00e1tico\u201d, continua firme e forte, gra\u00e7as ao dinamismo, coragem e compet\u00eancia do jovem Alberto Pessoa, conhecido por todos por Albertinho Pessoa. Trata=se de um administrador capaz, [&hellip;]<\/p>\n","protected":false},"author":2,"featured_media":0,"comment_status":"open","ping_status":"open","sticky":false,"template":"","format":"standard","meta":{"_links_to":"","_links_to_target":""},"categories":[10],"tags":[],"_links":{"self":[{"href":"https:\/\/www.r2cpress.com.br\/v1\/wp-json\/wp\/v2\/posts\/19655"}],"collection":[{"href":"https:\/\/www.r2cpress.com.br\/v1\/wp-json\/wp\/v2\/posts"}],"about":[{"href":"https:\/\/www.r2cpress.com.br\/v1\/wp-json\/wp\/v2\/types\/post"}],"author":[{"embeddable":true,"href":"https:\/\/www.r2cpress.com.br\/v1\/wp-json\/wp\/v2\/users\/2"}],"replies":[{"embeddable":true,"href":"https:\/\/www.r2cpress.com.br\/v1\/wp-json\/wp\/v2\/comments?post=19655"}],"version-history":[{"count":8,"href":"https:\/\/www.r2cpress.com.br\/v1\/wp-json\/wp\/v2\/posts\/19655\/revisions"}],"predecessor-version":[{"id":19664,"href":"https:\/\/www.r2cpress.com.br\/v1\/wp-json\/wp\/v2\/posts\/19655\/revisions\/19664"}],"wp:attachment":[{"href":"https:\/\/www.r2cpress.com.br\/v1\/wp-json\/wp\/v2\/media?parent=19655"}],"wp:term":[{"taxonomy":"category","embeddable":true,"href":"https:\/\/www.r2cpress.com.br\/v1\/wp-json\/wp\/v2\/categories?post=19655"},{"taxonomy":"post_tag","embeddable":true,"href":"https:\/\/www.r2cpress.com.br\/v1\/wp-json\/wp\/v2\/tags?post=19655"}],"curies":[{"name":"wp","href":"https:\/\/api.w.org\/{rel}","templated":true}]}}