{"id":19684,"date":"2011-07-11T22:03:43","date_gmt":"2011-07-12T01:03:43","guid":{"rendered":"http:\/\/www.r2cpress.com.br\/v1\/?p=19684"},"modified":"2011-07-11T22:03:43","modified_gmt":"2011-07-12T01:03:43","slug":"show-do-fotografo-joao-ramos","status":"publish","type":"post","link":"https:\/\/www.r2cpress.com.br\/v1\/2011\/07\/11\/show-do-fotografo-joao-ramos\/","title":{"rendered":"Show do fot\u00f3grafo JO\u00c3O RAMOS"},"content":{"rendered":"<p>Jo\u00e3o Ramos, fot\u00f3grafo conceituado da BAHIATURSA, esteve aqui e &#8216;clicou&#8217; em grande estilo.<br \/>\nFotos lindas de uma cidade bela.<br \/>\nIlh\u00e9us &#8216;se viu bonita&#8217; gra\u00e7as ao talento desse profissional de sensibilidade \u00edmpar.<br \/>\nNossa cidade te agradece, Jo\u00e3o.<br \/>\nValeu mesmo.<br \/>\nAbra\u00e7\u00e3o e fique com <strong>DEUS <\/strong>(Sempre!).<br \/>\nRabat.<br \/>\n<center><a href=\"http:\/\/www.r2cpress.com.br\/v1\/wp-content\/uploads\/mont-capa-450-jo\u00e3o-ramos-bahiatursa.jpg\"><img loading=\"lazy\" src=\"http:\/\/www.r2cpress.com.br\/v1\/wp-content\/uploads\/mont-capa-450-jo\u00e3o-ramos-bahiatursa.jpg\" alt=\"\" title=\"mont capa 450 jo\u00e3o ramos bahiatursa\" width=\"450\" height=\"598\" class=\"aligncenter size-full wp-image-19685\" srcset=\"https:\/\/www.r2cpress.com.br\/v1\/wp-content\/uploads\/mont-capa-450-jo\u00e3o-ramos-bahiatursa.jpg 450w, https:\/\/www.r2cpress.com.br\/v1\/wp-content\/uploads\/mont-capa-450-jo\u00e3o-ramos-bahiatursa-225x300.jpg 225w\" sizes=\"(max-width: 450px) 100vw, 450px\" \/><\/a><\/center><\/p>\n<p><center>Veja as <strong>20 fotos<\/strong> by JO\u00c3O RAMOS clicando <a href = \"https:\/\/picasaweb.google.com\/r2cpress\/FOTOSDEILHUS#5628260051799053714\" target = \"_news\"><b>AQUI<\/b><\/a> e depois na seta para avan\u00e7ar.<\/center><\/p>\n","protected":false},"excerpt":{"rendered":"<p>Jo\u00e3o Ramos, fot\u00f3grafo conceituado da BAHIATURSA, esteve aqui e &#8216;clicou&#8217; em grande estilo. Fotos lindas de uma cidade bela. Ilh\u00e9us &#8216;se viu bonita&#8217; gra\u00e7as ao talento desse profissional de sensibilidade \u00edmpar. Nossa cidade te agradece, Jo\u00e3o. Valeu mesmo. Abra\u00e7\u00e3o e fique com DEUS (Sempre!). Rabat. Veja as 20 fotos by JO\u00c3O RAMOS clicando AQUI e [&hellip;]<\/p>\n","protected":false},"author":2,"featured_media":0,"comment_status":"open","ping_status":"open","sticky":false,"template":"","format":"standard","meta":{"_links_to":"","_links_to_target":""},"categories":[14],"tags":[],"_links":{"self":[{"href":"https:\/\/www.r2cpress.com.br\/v1\/wp-json\/wp\/v2\/posts\/19684"}],"collection":[{"href":"https:\/\/www.r2cpress.com.br\/v1\/wp-json\/wp\/v2\/posts"}],"about":[{"href":"https:\/\/www.r2cpress.com.br\/v1\/wp-json\/wp\/v2\/types\/post"}],"author":[{"embeddable":true,"href":"https:\/\/www.r2cpress.com.br\/v1\/wp-json\/wp\/v2\/users\/2"}],"replies":[{"embeddable":true,"href":"https:\/\/www.r2cpress.com.br\/v1\/wp-json\/wp\/v2\/comments?post=19684"}],"version-history":[{"count":4,"href":"https:\/\/www.r2cpress.com.br\/v1\/wp-json\/wp\/v2\/posts\/19684\/revisions"}],"predecessor-version":[{"id":19689,"href":"https:\/\/www.r2cpress.com.br\/v1\/wp-json\/wp\/v2\/posts\/19684\/revisions\/19689"}],"wp:attachment":[{"href":"https:\/\/www.r2cpress.com.br\/v1\/wp-json\/wp\/v2\/media?parent=19684"}],"wp:term":[{"taxonomy":"category","embeddable":true,"href":"https:\/\/www.r2cpress.com.br\/v1\/wp-json\/wp\/v2\/categories?post=19684"},{"taxonomy":"post_tag","embeddable":true,"href":"https:\/\/www.r2cpress.com.br\/v1\/wp-json\/wp\/v2\/tags?post=19684"}],"curies":[{"name":"wp","href":"https:\/\/api.w.org\/{rel}","templated":true}]}}