{"id":19698,"date":"2011-07-12T09:14:51","date_gmt":"2011-07-12T12:14:51","guid":{"rendered":"http:\/\/www.r2cpress.com.br\/v1\/?p=19698"},"modified":"2011-07-12T09:14:51","modified_gmt":"2011-07-12T12:14:51","slug":"heckel-januario-em-pelo-telefone","status":"publish","type":"post","link":"https:\/\/www.r2cpress.com.br\/v1\/2011\/07\/12\/heckel-januario-em-pelo-telefone\/","title":{"rendered":"Heckel Janu\u00e1rio em: PELO TELEFONE"},"content":{"rendered":"<p><img align = \"left\" src = \"http:\/\/www.r2cpress.com.br\/v1\/wp-content\/uploads\/HECKEL-NOVA.jpg\"\/>\u2013 H\u00e1 quanto tempo! \u2013 Era o Marcos recentemente de Bebel(carinhoso tratamento dado a Belmonte) pelo telefone. E continuando: <\/p>\n<p>\u2013 Satisfa\u00e7\u00e3o retada em falar com o amigo. Hein bicho, t\u00e1 lembrado do Carnaval de 2010 e a gente na beira do cais papeando a respeito dos empreendimentos tur\u00edsticos que iriam tirar a terrinha do marasmo? Rapaz, incrivelmente por raz\u00f5es ambientais n\u00e3o sa\u00edram do papel. \u00c9 reuni\u00e3o ali, acol\u00e1, e no final, tudo como dantes. <\/p>\n<p>\u2013 O prazer \u00e9 todo meu, companheiro. Ah, aqui na Capitania \u00e9 a mesma ladainha com o chamado intermodal. \u00c9 uma briga danada com os ambientalistas e \u201cnadinha da silva\u201d. Na minha modesta opini\u00e3o, um projeto desse porte n\u00e3o \u00e9 cab\u00edvel ser tocado a cul&#8230;, refut\u00e1-lo, entretanto, \u00e9 \u201catraso de vida\u201d. <\/p>\n<p>\u2013 Para mim modo de ver coerente. Voc\u00ea acredita que at\u00e9 hoje em Bebel vozes se exaltam contra a Veracel!? Anote: certinha ela n\u00e3o \u00e9; gera l\u00e1 seus transtornos e deveria oferecer mais \u00e0 administra\u00e7\u00e3o municipal, inclusive pra compensar o cambalacho de passarem sem nenhuma cerim\u00f4nia a Mar\u00edlia, o local da f\u00e1brica, para Eun\u00e1polis, podando ilegalmente o direito do munic\u00edpio melhor consideravelmente a arrecada\u00e7\u00e3o. Mas n\u00e3o posso me posicionar radicalmente contr\u00e1rio a empresa se ela promove, na aus\u00eancia do Estado baiano, de algum modo benef\u00edcios, a exemplo do asfaltamento da cidade \u00e0 BR101. <\/p>\n<p><!--more--><\/p>\n<p>\u2013 Falando em estrada, a Bebel\/Canes, eterna promessa pol\u00edtica de governadores, como anda? Soube estar parada tamb\u00e9m por motivos de ambiente, procede? Pela hist\u00f3ria secular dessa liga\u00e7\u00e3o, meu prezado, eu decidi s\u00f3 acreditar em sua constru\u00e7\u00e3o se um governante disser que possui \u201caquilo roxo\u201d ou que \u00e9 um \u201ccabra macho\u201d, rever\u00eancia de antigamente a um cara de palavra. Se o Galego possui essas qualidades, saberemos adiante, mas que apresente logo os documentos. Os anteriores obviamente n\u00e3o tiveram nem foram. <\/p>\n<p>\u2013 \u00c9 verdade, \u00e9 verdade. Rapaz, e \u00e9 uma extens\u00e3o t\u00e3o insignificante&#8230;! Como reiteradas vezes o homem vem afirmando construir a ponte Salvador\/Itaparica, ele n\u00e3o pode deixar esse nosso tiquinho de Bahia ao l\u00e9u e cair na incoer\u00eancia. Viu a China inaugurar 36 quil\u00f4metros sobre o mar? Bicho, uma maravilha! E n\u00f3s no sul baiano mendigando uma comunica\u00e7\u00e3ozinha rodovi\u00e1ria!<\/p>\n<p>\u2013 Como voc\u00ea tocou naquele monumento chin\u00eas, o cidad\u00e3o na abertura do Festival do Chocolate, voltou a anunciar a realiza\u00e7\u00e3o da Ilh\u00e9us\/Pontal. Pelo menos&#8230; Ali\u00e1s, se os investimentos anunciados pelo governo estadual junto com o federal, vingarem, n\u00e3o ficarem somente no bl\u00e1bl\u00e1bl\u00e1, eles ser\u00e3o a reden\u00e7\u00e3o regional. Agora, pra lhe ser sincero, com maior for\u00e7a eu sinto \u00e9 a presen\u00e7a da iniciativa privada.<\/p>\n<p>\u2013 \u00c9 o caso do Atacad\u00e3o, do Macro, n\u00e3o \u00e9 isso? Ouvi dizer do GBarbosa; \u00e9 fidedigna a not\u00edcia? Mudando de pau pra cacete, quando pinta em Bebel? Lembre-se que ainda \u00e9 um BBB.<\/p>\n<p>\u2013 Justamente, entre outros. \u00d3, o coment\u00e1rio existe e parece veraz. Rapaz, eu programei ir \u00e0 festa da padroeira, mas n\u00e3o deu. Mas&#8230; Pera\u00ed cara, est\u00e1 sacaneando o amigo? Porreta! Eu com essa idade no BBB! BBB uma por&#8230;! <\/p>\n<p>\u2013 N\u00e3o bicho, n\u00e3o se trata daquele mangue da televis\u00e3o, n\u00e3o! Esse BBB significa Belmontense, Baiano e Brasileiro, entendeu?<\/p>\n<p>\u2013 Ah, voc\u00ea \u00e9 um sacana gozador! Como a mulher e filhos s\u00e3o ilheenses da gema e eu morando h\u00e1 uma cacetada na cidade, voc\u00ea h\u00e1 de convir: j\u00e1 sou meio ilheense. <\/p>\n<p>\u2013 N\u00e3o resta d\u00favida. E a Capit\u00e2nia, como voc\u00ea gosta de chamar a Princesinha do Sul, continua agradabil\u00edssima, embora se comente por a\u00ed a necessidade de retoques, confere? Mesmo assim gosto dela de gra\u00e7a. Bom, ent\u00e3o estarei aguardando pra continuarmos e botarmos o papo em dia, claro, acompanhado de umas e outras, ok? .<\/p>\n<p>\u2013 De acordo. Okei e combinado. Um abra\u00e7o. <\/p>\n<p>\u2013 Outro.<\/p>\n<p>&#8212;<br \/>\nHeckel Janu\u00e1rio <\/p>\n","protected":false},"excerpt":{"rendered":"<p>\u2013 H\u00e1 quanto tempo! \u2013 Era o Marcos recentemente de Bebel(carinhoso tratamento dado a Belmonte) pelo telefone. E continuando: \u2013 Satisfa\u00e7\u00e3o retada em falar com o amigo. Hein bicho, t\u00e1 lembrado do Carnaval de 2010 e a gente na beira do cais papeando a respeito dos empreendimentos tur\u00edsticos que iriam tirar a terrinha do marasmo? [&hellip;]<\/p>\n","protected":false},"author":2,"featured_media":0,"comment_status":"open","ping_status":"open","sticky":false,"template":"","format":"standard","meta":{"_links_to":"","_links_to_target":""},"categories":[10],"tags":[],"_links":{"self":[{"href":"https:\/\/www.r2cpress.com.br\/v1\/wp-json\/wp\/v2\/posts\/19698"}],"collection":[{"href":"https:\/\/www.r2cpress.com.br\/v1\/wp-json\/wp\/v2\/posts"}],"about":[{"href":"https:\/\/www.r2cpress.com.br\/v1\/wp-json\/wp\/v2\/types\/post"}],"author":[{"embeddable":true,"href":"https:\/\/www.r2cpress.com.br\/v1\/wp-json\/wp\/v2\/users\/2"}],"replies":[{"embeddable":true,"href":"https:\/\/www.r2cpress.com.br\/v1\/wp-json\/wp\/v2\/comments?post=19698"}],"version-history":[{"count":2,"href":"https:\/\/www.r2cpress.com.br\/v1\/wp-json\/wp\/v2\/posts\/19698\/revisions"}],"predecessor-version":[{"id":19700,"href":"https:\/\/www.r2cpress.com.br\/v1\/wp-json\/wp\/v2\/posts\/19698\/revisions\/19700"}],"wp:attachment":[{"href":"https:\/\/www.r2cpress.com.br\/v1\/wp-json\/wp\/v2\/media?parent=19698"}],"wp:term":[{"taxonomy":"category","embeddable":true,"href":"https:\/\/www.r2cpress.com.br\/v1\/wp-json\/wp\/v2\/categories?post=19698"},{"taxonomy":"post_tag","embeddable":true,"href":"https:\/\/www.r2cpress.com.br\/v1\/wp-json\/wp\/v2\/tags?post=19698"}],"curies":[{"name":"wp","href":"https:\/\/api.w.org\/{rel}","templated":true}]}}