{"id":19701,"date":"2011-07-12T10:00:39","date_gmt":"2011-07-12T13:00:39","guid":{"rendered":"http:\/\/www.r2cpress.com.br\/v1\/?p=19701"},"modified":"2011-07-12T10:00:39","modified_gmt":"2011-07-12T13:00:39","slug":"homem-mata-irmao-a-facadas-na-frente-da-familia-em-ilheus","status":"publish","type":"post","link":"https:\/\/www.r2cpress.com.br\/v1\/2011\/07\/12\/homem-mata-irmao-a-facadas-na-frente-da-familia-em-ilheus\/","title":{"rendered":"Homem mata irm\u00e3o a facadas na frente da fam\u00edlia em Ilh\u00e9us"},"content":{"rendered":"<p><strong>Ele est\u00e1 preso e custodiado na delegacia, mas deve ser transferido para o pres\u00eddio nesta ter\u00e7a (12)<\/strong><\/p>\n<p>Um homem foi preso ap\u00f3s assassinar o irm\u00e3o a facadas nesta segunda-feira (11) em Ilh\u00e9us, 465 km de Salvador. Depois de uma discuss\u00e3o, Gilvan Paulino da Silva atacou o irm\u00e3o, Givanildo Paulino da Silva, de 41 anos, na casa onde a fam\u00edlia vivia. O motivo da briga ainda \u00e9 desconhecido.<\/p>\n<p>No momento do crime, duas irm\u00e3s e o pai de Gilvan e Givanildo estavam no local e presenciaram o homic\u00eddio. Segundo informa\u00e7\u00f5es da pol\u00edcia, foi uma das mulheres que denunciou o ocorrido \u00e0 delegacia. Givanildo morreu no local e seu corpo foi encaminhado para o Departamento de Pol\u00edcia T\u00e9cnica de Itabuna.<\/p>\n<p>Gilvan Paulino da Silva foi preso e est\u00e1 custodiado na carceragem da delegacia do munic\u00edpio, mas deve ser transferido para o pres\u00eddio nesta ter\u00e7a (12).<\/p>\n<p>&#8212;<br \/>\nReda\u00e7\u00e3o <a href = \"http:\/\/www.correio24horas.com.br\/noticias\/detalhes\/detalhes-1\/artigo\/homem-mata-irmao-a-facadas-na-frente-da-familia-em-ilheus\/\" target = \"http:\/\/www.correio24horas.com.br\/noticias\/detalhes\/detalhes-1\/artigo\/homem-mata-irmao-a-facadas-na-frente-da-familia-em-ilheus\/\"><b>CORREIO DA BAHIA<\/b><\/a><\/p>\n","protected":false},"excerpt":{"rendered":"<p>Ele est\u00e1 preso e custodiado na delegacia, mas deve ser transferido para o pres\u00eddio nesta ter\u00e7a (12) Um homem foi preso ap\u00f3s assassinar o irm\u00e3o a facadas nesta segunda-feira (11) em Ilh\u00e9us, 465 km de Salvador. Depois de uma discuss\u00e3o, Gilvan Paulino da Silva atacou o irm\u00e3o, Givanildo Paulino da Silva, de 41 anos, na [&hellip;]<\/p>\n","protected":false},"author":2,"featured_media":0,"comment_status":"open","ping_status":"open","sticky":false,"template":"","format":"standard","meta":{"_links_to":"","_links_to_target":""},"categories":[13],"tags":[],"_links":{"self":[{"href":"https:\/\/www.r2cpress.com.br\/v1\/wp-json\/wp\/v2\/posts\/19701"}],"collection":[{"href":"https:\/\/www.r2cpress.com.br\/v1\/wp-json\/wp\/v2\/posts"}],"about":[{"href":"https:\/\/www.r2cpress.com.br\/v1\/wp-json\/wp\/v2\/types\/post"}],"author":[{"embeddable":true,"href":"https:\/\/www.r2cpress.com.br\/v1\/wp-json\/wp\/v2\/users\/2"}],"replies":[{"embeddable":true,"href":"https:\/\/www.r2cpress.com.br\/v1\/wp-json\/wp\/v2\/comments?post=19701"}],"version-history":[{"count":2,"href":"https:\/\/www.r2cpress.com.br\/v1\/wp-json\/wp\/v2\/posts\/19701\/revisions"}],"predecessor-version":[{"id":19703,"href":"https:\/\/www.r2cpress.com.br\/v1\/wp-json\/wp\/v2\/posts\/19701\/revisions\/19703"}],"wp:attachment":[{"href":"https:\/\/www.r2cpress.com.br\/v1\/wp-json\/wp\/v2\/media?parent=19701"}],"wp:term":[{"taxonomy":"category","embeddable":true,"href":"https:\/\/www.r2cpress.com.br\/v1\/wp-json\/wp\/v2\/categories?post=19701"},{"taxonomy":"post_tag","embeddable":true,"href":"https:\/\/www.r2cpress.com.br\/v1\/wp-json\/wp\/v2\/tags?post=19701"}],"curies":[{"name":"wp","href":"https:\/\/api.w.org\/{rel}","templated":true}]}}