{"id":19724,"date":"2011-07-12T14:25:53","date_gmt":"2011-07-12T17:25:53","guid":{"rendered":"http:\/\/www.r2cpress.com.br\/v1\/?p=19724"},"modified":"2011-07-12T14:25:53","modified_gmt":"2011-07-12T17:25:53","slug":"jorge-cajueiro-em-copa-do-mundo-no-brasil","status":"publish","type":"post","link":"https:\/\/www.r2cpress.com.br\/v1\/2011\/07\/12\/jorge-cajueiro-em-copa-do-mundo-no-brasil\/","title":{"rendered":"Jorge Cajueiro em: COPA DO MUNDO NO BRASIL"},"content":{"rendered":"\n<p><img align = \"left\" src = \"http:\/\/www.r2cpress.com.br\/v1\/wp-content\/uploads\/JORGE-CAJUEIRO-NOVA.jpg\"\/>Amigo Rabat,<\/p>\n<p>Tendo ouvido hoje pela manh\u00e3 o coment\u00e1rio do apresentador J. Hage, na r\u00e1dio Baiana, n\u00e3o pude me furtar em render meus parab\u00e9ns pela precis\u00e3o, preparo e coer\u00eancia na posi\u00e7\u00e3o tomada pelo mesmo acerca da realiza\u00e7\u00e3o da Copa do Mundo no Brasil.<\/p>\n<p>Ancorado em suas raz\u00f5es, chamou a aten\u00e7\u00e3o para o absurdo que ser\u00e1 sediar este evento no Brasil, um pa\u00eds com educa\u00e7\u00e3o l\u00e1 no final da fila do rancking mundial, com sa\u00fade p\u00fablica e seguran\u00e7a ca\u00f3ticas,  grande fatia da popula\u00e7\u00e3o sem casa pr\u00f3pria e sequer um teto decente, mergulhado em den\u00fancias de corrup\u00e7\u00e3o, mas se arvorando a gastar cerca de 30 bilh\u00f5es &#8220;oficiais&#8221; para sediar este torneio.<\/p>\n<p>Sempre fui contra esta fagigerada copa aqui no Brasil, a menos que o governo venha a p\u00fablico e informe com clareza e convencimento quais as vantagens que nosso sofrido povo ganhar\u00e3o com a realiza\u00e7\u00e3o deste evento em nosso pa\u00eds. Do contr\u00e1rio, para mim e outros que conhe\u00e7am um pouco os meandros de Brasil, servir\u00e1 mesmo para enriquecer mais alguns privilegiados e deixar uma dezena de elefantes brancos que doravante sediar\u00e3o &#8220;grandiosos cl\u00e1ssicos regionais&#8221;, para tres mil torcedores.<\/p>\n<p>Renovo meus parab\u00e9ns ao Sr. J. Hage, que n\u00e3o conhe\u00e7o, mas comungo de seus pensamentos neste sentido. J\u00e1 n\u00e3o assisto este torneio cacareco chamado de Copa Am\u00e9rica e muito provavelmente n\u00e3o perderei meu tempo em assistir os jogos desta fracassada copa. A qual n\u00e3o me envergonho em dizer que resultar\u00e1 numa das maiores decep\u00e7\u00f5es, entre tantas que esta na\u00e7\u00e3o abriga.<\/p>\n<p>E que Deus n\u00e3o nos permita seguir o caminho da Gr\u00e9cia, \u00e0 beira da fal\u00eancia, gravemente endividada por abarcar uma Olimp\u00edadas, sem condi\u00e7\u00f5es financeiras e economicas para tanto.<\/p>\n<p>Grande abra\u00e7o<\/p>\n<p>Jorge Cajueiro<\/p>\n","protected":false},"excerpt":{"rendered":"<p>Amigo Rabat, Tendo ouvido hoje pela manh\u00e3 o coment\u00e1rio do apresentador J. Hage, na r\u00e1dio Baiana, n\u00e3o pude me furtar em render meus parab\u00e9ns pela precis\u00e3o, preparo e coer\u00eancia na posi\u00e7\u00e3o tomada pelo mesmo acerca da realiza\u00e7\u00e3o da Copa do Mundo no Brasil. Ancorado em suas raz\u00f5es, chamou a aten\u00e7\u00e3o para o absurdo que ser\u00e1 [&hellip;]<\/p>\n","protected":false},"author":2,"featured_media":0,"comment_status":"open","ping_status":"open","sticky":false,"template":"","format":"standard","meta":{"_links_to":"","_links_to_target":""},"categories":[10],"tags":[],"_links":{"self":[{"href":"https:\/\/www.r2cpress.com.br\/v1\/wp-json\/wp\/v2\/posts\/19724"}],"collection":[{"href":"https:\/\/www.r2cpress.com.br\/v1\/wp-json\/wp\/v2\/posts"}],"about":[{"href":"https:\/\/www.r2cpress.com.br\/v1\/wp-json\/wp\/v2\/types\/post"}],"author":[{"embeddable":true,"href":"https:\/\/www.r2cpress.com.br\/v1\/wp-json\/wp\/v2\/users\/2"}],"replies":[{"embeddable":true,"href":"https:\/\/www.r2cpress.com.br\/v1\/wp-json\/wp\/v2\/comments?post=19724"}],"version-history":[{"count":3,"href":"https:\/\/www.r2cpress.com.br\/v1\/wp-json\/wp\/v2\/posts\/19724\/revisions"}],"predecessor-version":[{"id":19727,"href":"https:\/\/www.r2cpress.com.br\/v1\/wp-json\/wp\/v2\/posts\/19724\/revisions\/19727"}],"wp:attachment":[{"href":"https:\/\/www.r2cpress.com.br\/v1\/wp-json\/wp\/v2\/media?parent=19724"}],"wp:term":[{"taxonomy":"category","embeddable":true,"href":"https:\/\/www.r2cpress.com.br\/v1\/wp-json\/wp\/v2\/categories?post=19724"},{"taxonomy":"post_tag","embeddable":true,"href":"https:\/\/www.r2cpress.com.br\/v1\/wp-json\/wp\/v2\/tags?post=19724"}],"curies":[{"name":"wp","href":"https:\/\/api.w.org\/{rel}","templated":true}]}}