{"id":19732,"date":"2011-07-12T17:04:03","date_gmt":"2011-07-12T20:04:03","guid":{"rendered":"http:\/\/www.r2cpress.com.br\/v1\/?p=19732"},"modified":"2011-07-12T17:04:03","modified_gmt":"2011-07-12T20:04:03","slug":"bahia-recebe-salao-do-chocolate-em-julho-de-2012","status":"publish","type":"post","link":"https:\/\/www.r2cpress.com.br\/v1\/2011\/07\/12\/bahia-recebe-salao-do-chocolate-em-julho-de-2012\/","title":{"rendered":"Bahia recebe Sal\u00e3o do Chocolate em julho de 2012"},"content":{"rendered":"<p><div id=\"attachment_19733\" style=\"width: 310px\" class=\"wp-caption alignleft\"><a href=\"http:\/\/www.r2cpress.com.br\/v1\/wp-content\/uploads\/Salao-do-Chocolate-Foto-Mateus-Pereira.jpg\"><img aria-describedby=\"caption-attachment-19733\" loading=\"lazy\" src=\"http:\/\/www.r2cpress.com.br\/v1\/wp-content\/uploads\/Salao-do-Chocolate-Foto-Mateus-Pereira-300x199.jpg\" alt=\"\" title=\"Salao do Chocolate - Foto Mateus Pereira\" width=\"300\" height=\"199\" class=\"size-medium wp-image-19733\" srcset=\"https:\/\/www.r2cpress.com.br\/v1\/wp-content\/uploads\/Salao-do-Chocolate-Foto-Mateus-Pereira-300x199.jpg 300w, https:\/\/www.r2cpress.com.br\/v1\/wp-content\/uploads\/Salao-do-Chocolate-Foto-Mateus-Pereira.jpg 680w\" sizes=\"(max-width: 300px) 100vw, 300px\" \/><\/a><p id=\"caption-attachment-19733\" class=\"wp-caption-text\">Foto: Mateus Pereira<\/p><\/div>Na primeira semana de julho de 2012, vai ser realizada na Bahia a primeira vers\u00e3o brasileira do Salon Du Chocolat. Na tarde desta ter\u00e7a-feira (12), o diretor de Desenvolvimento Internacional do evento, Genaro Bardy, os secret\u00e1rios da Agricultura, Eduardo Salles, de Turismo, Domingos Leonelli e de Rela\u00e7\u00f5es Internacionais, Fernando Schimidt, entre outras autoridades, tiveram audi\u00eancia com o governador Jaques Wagner para apresentar detalhes do acontecimento que coloca o estado na rota internacional do chocolate.<\/p>\n<p>A realiza\u00e7\u00e3o do evento na Bahia vinha sendo pleiteada pelo governador desde 2009. Em outubro do ano passado, em Paris, quando o governo e produtores baianos de cacau participaram do Salon Du Chocolat com um estande institucional, que se transformou num dos maiores destaques do evento, o comissaire general do Salon du Chocolat, Fran\u00e7ois Jeantet, assinou termo de compromisso garantindo a realiza\u00e7\u00e3o do evento na Bahia.<\/p>\n<p>Na \u00faltima edi\u00e7\u00e3o, o cacau produzido na Fazenda S\u00e3o Pedro, em Ilh\u00e9us, foi o grande vencedor do Concurso Internacional de Am\u00eandoas de Cacau de Paris, escolhido como o melhor do mundo na categoria &#8220;Cacau Chocolate&#8221;. O Salon Du Chocolat \u00e9 um evento internacional que acontece em Paris, Nova York, T\u00f3quio, Pequim, Moscou e Xangai.<\/p>\n","protected":false},"excerpt":{"rendered":"<p>Na primeira semana de julho de 2012, vai ser realizada na Bahia a primeira vers\u00e3o brasileira do Salon Du Chocolat. Na tarde desta ter\u00e7a-feira (12), o diretor de Desenvolvimento Internacional do evento, Genaro Bardy, os secret\u00e1rios da Agricultura, Eduardo Salles, de Turismo, Domingos Leonelli e de Rela\u00e7\u00f5es Internacionais, Fernando Schimidt, entre outras autoridades, tiveram audi\u00eancia [&hellip;]<\/p>\n","protected":false},"author":2,"featured_media":0,"comment_status":"open","ping_status":"open","sticky":false,"template":"","format":"standard","meta":{"_links_to":"","_links_to_target":""},"categories":[29],"tags":[],"_links":{"self":[{"href":"https:\/\/www.r2cpress.com.br\/v1\/wp-json\/wp\/v2\/posts\/19732"}],"collection":[{"href":"https:\/\/www.r2cpress.com.br\/v1\/wp-json\/wp\/v2\/posts"}],"about":[{"href":"https:\/\/www.r2cpress.com.br\/v1\/wp-json\/wp\/v2\/types\/post"}],"author":[{"embeddable":true,"href":"https:\/\/www.r2cpress.com.br\/v1\/wp-json\/wp\/v2\/users\/2"}],"replies":[{"embeddable":true,"href":"https:\/\/www.r2cpress.com.br\/v1\/wp-json\/wp\/v2\/comments?post=19732"}],"version-history":[{"count":2,"href":"https:\/\/www.r2cpress.com.br\/v1\/wp-json\/wp\/v2\/posts\/19732\/revisions"}],"predecessor-version":[{"id":19735,"href":"https:\/\/www.r2cpress.com.br\/v1\/wp-json\/wp\/v2\/posts\/19732\/revisions\/19735"}],"wp:attachment":[{"href":"https:\/\/www.r2cpress.com.br\/v1\/wp-json\/wp\/v2\/media?parent=19732"}],"wp:term":[{"taxonomy":"category","embeddable":true,"href":"https:\/\/www.r2cpress.com.br\/v1\/wp-json\/wp\/v2\/categories?post=19732"},{"taxonomy":"post_tag","embeddable":true,"href":"https:\/\/www.r2cpress.com.br\/v1\/wp-json\/wp\/v2\/tags?post=19732"}],"curies":[{"name":"wp","href":"https:\/\/api.w.org\/{rel}","templated":true}]}}