{"id":19746,"date":"2011-07-12T21:02:35","date_gmt":"2011-07-13T00:02:35","guid":{"rendered":"http:\/\/www.r2cpress.com.br\/v1\/?p=19746"},"modified":"2011-07-12T21:02:35","modified_gmt":"2011-07-13T00:02:35","slug":"direito-estatuto-do-idoso-e-meia-entrada","status":"publish","type":"post","link":"https:\/\/www.r2cpress.com.br\/v1\/2011\/07\/12\/direito-estatuto-do-idoso-e-meia-entrada\/","title":{"rendered":"DIREITO: Estatuto do Idoso e Meia-Entrada"},"content":{"rendered":"<p>&#8220;Pelo Estatuto do idoso (Lei Federal n. 10.741\/2003) \u00e9 obriga\u00e7\u00e3o da fam\u00edlia, da comunidade, da sociedade e do Poder P\u00fablico assegurar ao idoso, com absoluta prioridade, a efetiva\u00e7\u00e3o do direito \u00e0 vida, \u00e0 sa\u00fade, \u00e0 alimenta\u00e7\u00e3o, \u00e0 educa\u00e7\u00e3o, \u00e0 cultura, ao esporte, ao lazer, ao trabalho, \u00e0 cidadania, \u00e0 liberdade, \u00e0 dignidade, ao respeito e \u00e0 conviv\u00eancia familiar e comunit\u00e1ria (Art. 3o).<br \/>\n\u00c9 impostante observar que o art. 4o da referida lei assegura nenhum idoso ser\u00e1 objeto de qualquer tipo de neglig\u00eancia, discrimina\u00e7\u00e3o, viol\u00eancia, crueldade ou opress\u00e3o, e todo atentado aos seus direitos, por a\u00e7\u00e3o ou omiss\u00e3o, ser\u00e1 punido na forma da lei. E \u00e9 dever de todos prevenir a amea\u00e7a ou viola\u00e7\u00e3o aos direitos do idoso.<br \/>\nDestaco que o Art. 23 da lei prev\u00ea: &#8221; A participa\u00e7\u00e3o dos idosos em atividades culturais e de lazer ser\u00e1 proporcionada mediante descontos de pelo menos 50% (cinq\u00fcenta por cento) nos ingressos para eventos art\u00edsticos, culturais, esportivos e de lazer, bem como o acesso preferencial aos respectivos locais.&#8221;<\/p>\n<p>Diante do desrespeito dos organizadores de eventos em Ilh\u00e9us (BA) ao direito do idoso de ter acesso \u00e0 cultura pagando 50% do valor da entrada, encaminho para conhecimento, e divulga\u00e7\u00e3o, alguns dos direitos assegurados pela Estatuto do Idoso.<br \/>\n\u00c9 importante que todos tenham conhecimento da Lei Federal n. 10.741\/2003, e que denunciem ao Minist\u00e9rio P\u00fablico (MP) o desrespeito aos direitos do idoso.<br \/>\nH\u00e1 leis, e iniciativas do MP da  Bahia no sentido de assegurar a meia-entrada inclusive em jogos de futebol.<\/p>\n<p>Infelizmente, os direitos dos idosos s\u00e3o desrespeitados a todos os instantes, em v\u00e1rios Estados brasileiros. Mas a lei \u00e9 federal, e \u00e9 obriga\u00e7\u00e3o de todos a den\u00fancia ao seu desrespeito.<\/p>\n<p>&#8212;<br \/>\nA.F.<\/p>\n","protected":false},"excerpt":{"rendered":"<p>&#8220;Pelo Estatuto do idoso (Lei Federal n. 10.741\/2003) \u00e9 obriga\u00e7\u00e3o da fam\u00edlia, da comunidade, da sociedade e do Poder P\u00fablico assegurar ao idoso, com absoluta prioridade, a efetiva\u00e7\u00e3o do direito \u00e0 vida, \u00e0 sa\u00fade, \u00e0 alimenta\u00e7\u00e3o, \u00e0 educa\u00e7\u00e3o, \u00e0 cultura, ao esporte, ao lazer, ao trabalho, \u00e0 cidadania, \u00e0 liberdade, \u00e0 dignidade, ao respeito e [&hellip;]<\/p>\n","protected":false},"author":2,"featured_media":0,"comment_status":"open","ping_status":"open","sticky":false,"template":"","format":"standard","meta":{"_links_to":"","_links_to_target":""},"categories":[10],"tags":[],"_links":{"self":[{"href":"https:\/\/www.r2cpress.com.br\/v1\/wp-json\/wp\/v2\/posts\/19746"}],"collection":[{"href":"https:\/\/www.r2cpress.com.br\/v1\/wp-json\/wp\/v2\/posts"}],"about":[{"href":"https:\/\/www.r2cpress.com.br\/v1\/wp-json\/wp\/v2\/types\/post"}],"author":[{"embeddable":true,"href":"https:\/\/www.r2cpress.com.br\/v1\/wp-json\/wp\/v2\/users\/2"}],"replies":[{"embeddable":true,"href":"https:\/\/www.r2cpress.com.br\/v1\/wp-json\/wp\/v2\/comments?post=19746"}],"version-history":[{"count":2,"href":"https:\/\/www.r2cpress.com.br\/v1\/wp-json\/wp\/v2\/posts\/19746\/revisions"}],"predecessor-version":[{"id":19748,"href":"https:\/\/www.r2cpress.com.br\/v1\/wp-json\/wp\/v2\/posts\/19746\/revisions\/19748"}],"wp:attachment":[{"href":"https:\/\/www.r2cpress.com.br\/v1\/wp-json\/wp\/v2\/media?parent=19746"}],"wp:term":[{"taxonomy":"category","embeddable":true,"href":"https:\/\/www.r2cpress.com.br\/v1\/wp-json\/wp\/v2\/categories?post=19746"},{"taxonomy":"post_tag","embeddable":true,"href":"https:\/\/www.r2cpress.com.br\/v1\/wp-json\/wp\/v2\/tags?post=19746"}],"curies":[{"name":"wp","href":"https:\/\/api.w.org\/{rel}","templated":true}]}}