{"id":19776,"date":"2011-07-13T08:47:46","date_gmt":"2011-07-13T11:47:46","guid":{"rendered":"http:\/\/www.r2cpress.com.br\/v1\/?p=19776"},"modified":"2011-07-13T08:47:46","modified_gmt":"2011-07-13T11:47:46","slug":"equipe-medica-diz-ter-descoberto-misterio-da-menina-que-chora-sangue","status":"publish","type":"post","link":"https:\/\/www.r2cpress.com.br\/v1\/2011\/07\/13\/equipe-medica-diz-ter-descoberto-misterio-da-menina-que-chora-sangue\/","title":{"rendered":"Equipe m\u00e9dica diz ter descoberto mist\u00e9rio da menina que chora sangue"},"content":{"rendered":"<p><em><strong>Laudo diz que veias se dilatam e rompem com press\u00e3o sangu\u00ednea.<br \/>\nM\u00e9dicos receitaram medicamentos bloqueadores e calmantes.<\/strong><\/em><\/p>\n<div style=\"width: 360px\" class=\"wp-caption alignright\"><img loading=\"lazy\" title=\"D\u00e9bora Oliveira dos Santos, de 17 anos, afirma sangrar pelos olhos (Foto: Diana Viana de Oliveira)\" src=\"http:\/\/s.glbimg.com\/jo\/g1\/f\/620x0\/2011\/06\/27\/sdc12639.jpg\" alt=\"D\u00e9bora Oliveira dos Santos, de 17 anos, afirma sangrar pelos olhos (Foto: Diana Viana de Oliveira)\" width=\"350\" height=\"262\" \/><p class=\"wp-caption-text\">D\u00e9bora Oliveira dos Santos, de 17 anos, afirma sangrar pelos olhos (Foto: Diana Viana de Oliveira)<\/p><\/div>\n<p>A Sociedade Brasileira de Cl\u00ednica M\u00e9dica divulgou nesta ter\u00e7a-feira (12) um laudo sobre o caso da menina de Meridiano, no interior de S\u00e3o Paulo, que chora sangue. D\u00e9bora Santos ficou internada durante 13 dias em S\u00e3o Paulo e passou por v\u00e1rios exames. Nenhum problema grave foi constatado no corpo da adolescente. A conclus\u00e3o \u00e9 que os vasos sangu\u00edneos pr\u00f3ximos dos olhos se rompem com o aumento da press\u00e3o. Por isso, o sangue vaza. D\u00e9bora est\u00e1 sendo tratada com rem\u00e9dios que apresentam resultados positivos.<\/p>\n<p>Segundo o laudo m\u00e9dico, a paciente internada no Hospital S\u00e3o Paulo recebeu, entre 30 de junho e 12 de julho, tratamento de uma equipe multiprofissional formada por oftalmologistas, neurologistas, especialistas em coagula\u00e7\u00e3o, psic\u00f3logos e psiquiatras. Tamb\u00e9m foi submetida a exames oftalmol\u00f3gicos, neurol\u00f3gicos e a uma angiorresson\u00e2ncia, que afastaram a exist\u00eancia de problemas mais graves.<\/p>\n<p><!--more--><\/p>\n<p>Antonio Carlos Lopes, chefe da equipe m\u00e9dica que cuidou da paciente, realizou exames cl\u00ednicos e tamb\u00e9m conversou longamente com ela. De acordo com o especialista, a paciente conta que os sintomas que precedem o sangramento s\u00e3o calor no rosto e aumento da press\u00e3o na cabe\u00e7a.<\/p>\n<p>A equipe m\u00e9dica trabalha com a hip\u00f3tese de que se trata de uma disfun\u00e7\u00e3o neurovegetativa com altera\u00e7\u00e3o na vasomotricidade. Em outras palavras, as pequenas veias na regi\u00e3o dos olhos se dilatam e t\u00eam sua permeabilidade alterada, rompendo-se com o aumento da press\u00e3o sangu\u00ednea. H\u00e1 possibilidade de que essa altera\u00e7\u00e3o seja consequ\u00eancia de traumas sofridos na inf\u00e2ncia.<\/p>\n<p>Os m\u00e9dicos ministraram \u00e0 paciente um tratamento \u00e0 base de medicamentos (betabloqueador e calmante leve) que se mostraram eficazes no controle do sangramento. Eles recomendam que ela tamb\u00e9m receba acompanhamento psicoter\u00e1pico. Caso haja necessidade de tomar o medicamento pela vida toda, n\u00e3o h\u00e1 nenhum inconveniente, porque \u00e9 uma medica\u00e7\u00e3o que protege o cora\u00e7\u00e3o, estabiliza a press\u00e3o arterial e diminui as chances de infarto e arritmia.<\/p>\n<p>Lopes recomenda que, para a devida efic\u00e1cia do tratamento, \u00e9 preciso que a paciente tome corretamente os medicamentos conforme orienta\u00e7\u00e3o da equipe m\u00e9dica.<\/p>\n<p>\u201cEu me controlo para n\u00e3o chorar. N\u00e3o posso me exaltar bastante porque vou sangrar. Eu ainda n\u00e3o me acostumei. \u00c9 muito chato eu n\u00e3o poder me expressar. Vou fazer prova, fico nervosa, choro e sai sangue. Alguns meninos e meninas ficam assustados e sentem nojo. Ficam longe de mim. Ent\u00e3o eu fico meio que isolada dos demais. A minha sorte \u00e9 que os professores s\u00e3o a melhor coisa da escola\u201d, disse D\u00e9bora ao G1.<\/p>\n<p>Parentes contam que D\u00e9bora come\u00e7ou a sangrar com 14 anos, quando trabalhava como bab\u00e1 e foi agredida por sua patroa no Cear\u00e1. Os sangramentos eram somente nos ouvidos e nariz.<\/p>\n<p>&#8212;<br \/>\nDo <a href=\"http:\/\/g1.globo.com\/sao-paulo\/noticia\/2011\/07\/equipe-medica-diz-ter-descoberto-misterio-da-menina-que-chora-sangue.html\" target=\"_news\"><strong>G1 SP<\/strong><\/a>, com informa\u00e7\u00f5es da TV Tem<\/p>\n","protected":false},"excerpt":{"rendered":"<p>Laudo diz que veias se dilatam e rompem com press\u00e3o sangu\u00ednea. M\u00e9dicos receitaram medicamentos bloqueadores e calmantes. A Sociedade Brasileira de Cl\u00ednica M\u00e9dica divulgou nesta ter\u00e7a-feira (12) um laudo sobre o caso da menina de Meridiano, no interior de S\u00e3o Paulo, que chora sangue. D\u00e9bora Santos ficou internada durante 13 dias em S\u00e3o Paulo e [&hellip;]<\/p>\n","protected":false},"author":2,"featured_media":0,"comment_status":"open","ping_status":"open","sticky":false,"template":"","format":"standard","meta":{"_links_to":"","_links_to_target":""},"categories":[13],"tags":[],"_links":{"self":[{"href":"https:\/\/www.r2cpress.com.br\/v1\/wp-json\/wp\/v2\/posts\/19776"}],"collection":[{"href":"https:\/\/www.r2cpress.com.br\/v1\/wp-json\/wp\/v2\/posts"}],"about":[{"href":"https:\/\/www.r2cpress.com.br\/v1\/wp-json\/wp\/v2\/types\/post"}],"author":[{"embeddable":true,"href":"https:\/\/www.r2cpress.com.br\/v1\/wp-json\/wp\/v2\/users\/2"}],"replies":[{"embeddable":true,"href":"https:\/\/www.r2cpress.com.br\/v1\/wp-json\/wp\/v2\/comments?post=19776"}],"version-history":[{"count":4,"href":"https:\/\/www.r2cpress.com.br\/v1\/wp-json\/wp\/v2\/posts\/19776\/revisions"}],"predecessor-version":[{"id":19780,"href":"https:\/\/www.r2cpress.com.br\/v1\/wp-json\/wp\/v2\/posts\/19776\/revisions\/19780"}],"wp:attachment":[{"href":"https:\/\/www.r2cpress.com.br\/v1\/wp-json\/wp\/v2\/media?parent=19776"}],"wp:term":[{"taxonomy":"category","embeddable":true,"href":"https:\/\/www.r2cpress.com.br\/v1\/wp-json\/wp\/v2\/categories?post=19776"},{"taxonomy":"post_tag","embeddable":true,"href":"https:\/\/www.r2cpress.com.br\/v1\/wp-json\/wp\/v2\/tags?post=19776"}],"curies":[{"name":"wp","href":"https:\/\/api.w.org\/{rel}","templated":true}]}}