{"id":19803,"date":"2011-07-13T16:34:20","date_gmt":"2011-07-13T19:34:20","guid":{"rendered":"http:\/\/www.r2cpress.com.br\/v1\/?p=19803"},"modified":"2011-07-13T16:35:46","modified_gmt":"2011-07-13T19:35:46","slug":"pm-prende-homem-que-matou-outro-a-facadas","status":"publish","type":"post","link":"https:\/\/www.r2cpress.com.br\/v1\/2011\/07\/13\/pm-prende-homem-que-matou-outro-a-facadas\/","title":{"rendered":"PM PRENDE HOMEM QUE MATOU OUTRO A FACADAS"},"content":{"rendered":"<p><a href=\"http:\/\/www.r2cpress.com.br\/v1\/wp-content\/uploads\/Marconi-Oliven%C3%A7a.jpg\"><img loading=\"lazy\" class=\"alignleft size-full wp-image-19804\" title=\"Marconi Oliven\u00e7a\" src=\"http:\/\/www.r2cpress.com.br\/v1\/wp-content\/uploads\/Marconi-Oliven%C3%A7a.jpg\" alt=\"\" width=\"166\" height=\"206\" \/><\/a><\/p>\n<p>&nbsp;<\/p>\n<p>&nbsp;<\/p>\n<p>Por volta das 18:00 horas de ontem (12\/07), foi conduzido para 7\u00aa COORPIN pela guarni\u00e7\u00e3o do Pelot\u00e3o Especial da 69\u00aa CIPM, Marconi Teles dos Santos.<\/p>\n<p>O elemento foi flagranteado por ter esfaqueado um individuo conhecido por \u201cGalo\u201d na Pra\u00e7a de Oliven\u00e7a.<\/p>\n<p>&nbsp;<\/p>\n<p>\u201cGalo\u201d n\u00e3o resistiu aos ferimentos ocasionados pelas facadas de Marconi e morreu.<\/p>\n<p>Marconi Teles dos Santos mora na rua I, loteamento dos milagres em Oliven\u00e7a.<\/p>\n<p>&#8212;<\/p>\n<p><strong>69\u00aa CIPM<\/strong><\/p>\n","protected":false},"excerpt":{"rendered":"<p>&nbsp; &nbsp; Por volta das 18:00 horas de ontem (12\/07), foi conduzido para 7\u00aa COORPIN pela guarni\u00e7\u00e3o do Pelot\u00e3o Especial da 69\u00aa CIPM, Marconi Teles dos Santos. O elemento foi flagranteado por ter esfaqueado um individuo conhecido por \u201cGalo\u201d na Pra\u00e7a de Oliven\u00e7a. &nbsp; \u201cGalo\u201d n\u00e3o resistiu aos ferimentos ocasionados pelas facadas de Marconi e [&hellip;]<\/p>\n","protected":false},"author":2,"featured_media":0,"comment_status":"open","ping_status":"open","sticky":false,"template":"","format":"standard","meta":{"_links_to":"","_links_to_target":""},"categories":[25],"tags":[],"_links":{"self":[{"href":"https:\/\/www.r2cpress.com.br\/v1\/wp-json\/wp\/v2\/posts\/19803"}],"collection":[{"href":"https:\/\/www.r2cpress.com.br\/v1\/wp-json\/wp\/v2\/posts"}],"about":[{"href":"https:\/\/www.r2cpress.com.br\/v1\/wp-json\/wp\/v2\/types\/post"}],"author":[{"embeddable":true,"href":"https:\/\/www.r2cpress.com.br\/v1\/wp-json\/wp\/v2\/users\/2"}],"replies":[{"embeddable":true,"href":"https:\/\/www.r2cpress.com.br\/v1\/wp-json\/wp\/v2\/comments?post=19803"}],"version-history":[{"count":5,"href":"https:\/\/www.r2cpress.com.br\/v1\/wp-json\/wp\/v2\/posts\/19803\/revisions"}],"predecessor-version":[{"id":19808,"href":"https:\/\/www.r2cpress.com.br\/v1\/wp-json\/wp\/v2\/posts\/19803\/revisions\/19808"}],"wp:attachment":[{"href":"https:\/\/www.r2cpress.com.br\/v1\/wp-json\/wp\/v2\/media?parent=19803"}],"wp:term":[{"taxonomy":"category","embeddable":true,"href":"https:\/\/www.r2cpress.com.br\/v1\/wp-json\/wp\/v2\/categories?post=19803"},{"taxonomy":"post_tag","embeddable":true,"href":"https:\/\/www.r2cpress.com.br\/v1\/wp-json\/wp\/v2\/tags?post=19803"}],"curies":[{"name":"wp","href":"https:\/\/api.w.org\/{rel}","templated":true}]}}