{"id":19819,"date":"2011-07-13T20:53:52","date_gmt":"2011-07-13T23:53:52","guid":{"rendered":"http:\/\/www.r2cpress.com.br\/v1\/?p=19819"},"modified":"2011-07-13T20:53:52","modified_gmt":"2011-07-13T23:53:52","slug":"campeonato-brasileiro-de-tae-kwon-do-sub-21","status":"publish","type":"post","link":"https:\/\/www.r2cpress.com.br\/v1\/2011\/07\/13\/campeonato-brasileiro-de-tae-kwon-do-sub-21\/","title":{"rendered":"Campeonato Brasileiro de Tae Kwon Do Sub 21"},"content":{"rendered":"<p>De: Leandro <tkdcapferreira @hotmail.com><br \/>\nAssunto: Campeonato Brasileiro de Tae Kwon Do Sub 21<\/p>\n<p>Corpo da mensagem:<br \/>\nNo dia 09 de Julho de 2011 um Ilheense, morador do Teot\u00f4nio Vilela, entrou para historia do esporte baiano ao ser o 1\u00ba atleta de TKD a utilizar o protetor de t\u00f3rax eletr\u00f4nico numa competi\u00e7\u00e3o oficial.<br \/>\nO respons\u00e1vel pela fa\u00e7anha \u00e9 Guilherme Sampaio, 20 anos, praticante da arte marcial a 5 anos e primeiro atleta faixa preta da Equipe Leandro Ferreira. Guilherme lutou na categoria ate 54kg, ficando em 3\u00ba colocado num evento que re\u00fane os melhores atletas do pa\u00eds com o objetivo de revelar talentos em idade olimpica.<br \/>\nSegue o v\u00eddeo com trechos das lutas do nosso CAMPE\u00c3O, porque essa 3\u00aa coloca\u00e7\u00e3o no primeiro evento nacional que o atleta participa pra equipe vale OURO.<br \/>\nParab\u00e9ns Guilherme&#8230;<br \/>\n<iframe loading=\"lazy\" width=\"500\" height=\"375\" src=\"http:\/\/www.youtube.com\/embed\/hkDqkmXFdaA?fs=1&#038;feature=oembed\" frameborder=\"0\" allowfullscreen><\/iframe><\/p>\n<p>De 13 a 16 de Agosto acontecera em Fortaleza-CE a Copa do Brasil de Tae Kwon Do e o atleta ate o momento n\u00e3o possui nenhum patrocinador.<br \/>\nTelefone para contato (73)8859-0844<\/p>\n<p>&#8212;<br \/>\nEsta mensagem foi enviada atrav\u00e9s do formul\u00e1rio de contato do site R2CPRESS | A Letra Fria da Verdade http:\/\/www.r2cpress.com.br\/v1<\/tkdcapferreira><\/p>\n","protected":false},"excerpt":{"rendered":"<p>De: Leandro Assunto: Campeonato Brasileiro de Tae Kwon Do Sub 21 Corpo da mensagem: No dia 09 de Julho de 2011 um Ilheense, morador do Teot\u00f4nio Vilela, entrou para historia do esporte baiano ao ser o 1\u00ba atleta de TKD a utilizar o protetor de t\u00f3rax eletr\u00f4nico numa competi\u00e7\u00e3o oficial. O respons\u00e1vel pela fa\u00e7anha \u00e9 [&hellip;]<\/p>\n","protected":false},"author":2,"featured_media":0,"comment_status":"open","ping_status":"open","sticky":false,"template":"","format":"standard","meta":{"_links_to":"","_links_to_target":""},"categories":[11],"tags":[],"_links":{"self":[{"href":"https:\/\/www.r2cpress.com.br\/v1\/wp-json\/wp\/v2\/posts\/19819"}],"collection":[{"href":"https:\/\/www.r2cpress.com.br\/v1\/wp-json\/wp\/v2\/posts"}],"about":[{"href":"https:\/\/www.r2cpress.com.br\/v1\/wp-json\/wp\/v2\/types\/post"}],"author":[{"embeddable":true,"href":"https:\/\/www.r2cpress.com.br\/v1\/wp-json\/wp\/v2\/users\/2"}],"replies":[{"embeddable":true,"href":"https:\/\/www.r2cpress.com.br\/v1\/wp-json\/wp\/v2\/comments?post=19819"}],"version-history":[{"count":4,"href":"https:\/\/www.r2cpress.com.br\/v1\/wp-json\/wp\/v2\/posts\/19819\/revisions"}],"predecessor-version":[{"id":19823,"href":"https:\/\/www.r2cpress.com.br\/v1\/wp-json\/wp\/v2\/posts\/19819\/revisions\/19823"}],"wp:attachment":[{"href":"https:\/\/www.r2cpress.com.br\/v1\/wp-json\/wp\/v2\/media?parent=19819"}],"wp:term":[{"taxonomy":"category","embeddable":true,"href":"https:\/\/www.r2cpress.com.br\/v1\/wp-json\/wp\/v2\/categories?post=19819"},{"taxonomy":"post_tag","embeddable":true,"href":"https:\/\/www.r2cpress.com.br\/v1\/wp-json\/wp\/v2\/tags?post=19819"}],"curies":[{"name":"wp","href":"https:\/\/api.w.org\/{rel}","templated":true}]}}