{"id":19824,"date":"2011-07-13T21:59:26","date_gmt":"2011-07-14T00:59:26","guid":{"rendered":"http:\/\/www.r2cpress.com.br\/v1\/?p=19824"},"modified":"2011-07-13T22:04:13","modified_gmt":"2011-07-14T01:04:13","slug":"projeto-memorias-do-rio-cachoeira-recebe-colaboracoes","status":"publish","type":"post","link":"https:\/\/www.r2cpress.com.br\/v1\/2011\/07\/13\/projeto-memorias-do-rio-cachoeira-recebe-colaboracoes\/","title":{"rendered":"Colabore com o projeto Mem\u00f3rias do Rio Cachoeira"},"content":{"rendered":"<div id=\"attachment_19825\" style=\"width: 301px\" class=\"wp-caption alignleft\"><a href=\"http:\/\/www.r2cpress.com.br\/v1\/wp-content\/uploads\/mont-mem\u00f3rias-do-rio-cachoeira.jpg\"><img aria-describedby=\"caption-attachment-19825\" loading=\"lazy\" src=\"http:\/\/www.r2cpress.com.br\/v1\/wp-content\/uploads\/mont-mem\u00f3rias-do-rio-cachoeira-291x300.jpg\" alt=\"\" title=\"mont mem\u00f3rias do rio cachoeira\" width=\"291\" height=\"300\" class=\"size-medium wp-image-19825\" srcset=\"https:\/\/www.r2cpress.com.br\/v1\/wp-content\/uploads\/mont-mem\u00f3rias-do-rio-cachoeira-291x300.jpg 291w, https:\/\/www.r2cpress.com.br\/v1\/wp-content\/uploads\/mont-mem\u00f3rias-do-rio-cachoeira.jpg 680w\" sizes=\"(max-width: 291px) 100vw, 291px\" \/><\/a><p id=\"caption-attachment-19825\" class=\"wp-caption-text\">Foto: Victor Aziz \/ Clique para ampliar<\/p><\/div>\n<p>A produ\u00e7\u00e3o do projeto Mem\u00f3rias do Rio Cachoeira (MRC) est\u00e1 a todo vapor. \u00c0s v\u00e9speras dos 101 anos de emancipa\u00e7\u00e3o de Itabuna, o MRC se prepara para registrar a mem\u00f3ria cultural da cidade, especialmente a sua rela\u00e7\u00e3o com o rio. Para isso, une poesia, m\u00fasica e cinema. O projeto passa por algumas etapas, s\u00e3o elas: <\/p>\n<p>\u2022 A grava\u00e7\u00e3o de um CD com 12 faixas, que trar\u00e1 poemas de diversos autores itabunenses, musicados pela Banda Manzu\u00e1. Os poemas selecionados conferem a ess\u00eancia das mem\u00f3rias dos escritores\/poetas relacionadas ao Rio Cachoeira. Sem contar a musicalidade distinta dessa banda sul baiana, que traz em sua proposta um universo sonoro misturado, o que a enquadra e destaca no cen\u00e1rio musical da regi\u00e3o. \u2028\u2028<\/p>\n<p>\u2022 A filmagem de um DVD document\u00e1rio sobre aspectos da hist\u00f3ria do Cachoeira com o povo itabunense. Aqui, ser\u00e3o utilizados como elementos narrativos os poemas musicados pela Banda Manzu\u00e1, gerando, assim, uma trilha sonora original e in\u00e9dita. \u2028\u2028<\/p>\n<p><!--more--><\/p>\n<p>Neste momento, a banda Manzu\u00e1 est\u00e1 em est\u00fadio gravando as m\u00fasicas, depois de meses de um belo trabalho de composi\u00e7\u00e3o. A filmagem do document\u00e1rio est\u00e1 prevista para agosto. A  produ\u00e7\u00e3o est\u00e1 em fase de pesquisa e tamb\u00e9m busca por pessoas que queiram contar a sua hist\u00f3ria e rela\u00e7\u00e3o com o Cachoeira.<\/p>\n<p>O Mem\u00f3rias do Rio Cachoeira visa contribuir para o enriquecimento do acervo \u00e1udio e visual local. \u00c9 uma realiza\u00e7\u00e3o do N\u00facleo de Produ\u00e7\u00f5es Art\u00edsticas (N\u00faProArt), da Panor\u00e2mica Produ\u00e7\u00f5es e da banda Manzu\u00e1.  \u00c9 vencedor do edital n\u00ba 05\/2009 de Apoio a Produ\u00e7\u00e3o de conte\u00fado em m\u00fasica no Estado da Bahia, atrav\u00e9s da Secretaria de Cultura &#8211; SECULT, Fundo de Cultura da Bahia e da Funda\u00e7\u00e3o Cultural do Estado da Bahia \u2013 FUNCEB.<\/p>\n<p><strong>Festa de lan\u00e7amento \u2013 voc\u00ea pode colaborar com a produ\u00e7\u00e3o deste evento<\/strong><\/p>\n<p>Em Novembro, ser\u00e3o lan\u00e7ados o CD e o DVD do projeto Mem\u00f3rias do Rio Cachoeira, verdadeiros presentes a Itabuna. S\u00e3o necess\u00e1rios R$ 5.000,00 para arcar com os custos para promover uma festa de lan\u00e7amento inesquec\u00edvel, em um evento aberto e gratuito, para que todos possam ter acesso.<\/p>\n<p>Para que esse objetivo se torne realidade, qualquer pessoa pode colaborar doando pequenos valores em dinheiro. \u00c9 poss\u00edvel escolher pagar com boleto, todo tipo de cart\u00e3o, d\u00e9bito online de todos os bancos.  <\/p>\n<p><strong>Veja como \u00e9 f\u00e1cil colaborar: <\/strong><\/p>\n<p>Acesse o link: http:\/\/catarse.me\/pt\/projects\/219-memorias-do-rio-cachoeira e selecione o valor com o qual deseja colaborar e o pr\u00eamio correspondente. <\/p>\n<p>&#8212;<br \/>\nTacila Mendes<br \/>\nDRT 6795<br \/>\nAscom Mem\u00f3rias do Rio Cachoeira<\/p>\n","protected":false},"excerpt":{"rendered":"<p>A produ\u00e7\u00e3o do projeto Mem\u00f3rias do Rio Cachoeira (MRC) est\u00e1 a todo vapor. \u00c0s v\u00e9speras dos 101 anos de emancipa\u00e7\u00e3o de Itabuna, o MRC se prepara para registrar a mem\u00f3ria cultural da cidade, especialmente a sua rela\u00e7\u00e3o com o rio. Para isso, une poesia, m\u00fasica e cinema. O projeto passa por algumas etapas, s\u00e3o elas: [&hellip;]<\/p>\n","protected":false},"author":2,"featured_media":0,"comment_status":"open","ping_status":"open","sticky":false,"template":"","format":"standard","meta":{"_links_to":"","_links_to_target":""},"categories":[5],"tags":[],"_links":{"self":[{"href":"https:\/\/www.r2cpress.com.br\/v1\/wp-json\/wp\/v2\/posts\/19824"}],"collection":[{"href":"https:\/\/www.r2cpress.com.br\/v1\/wp-json\/wp\/v2\/posts"}],"about":[{"href":"https:\/\/www.r2cpress.com.br\/v1\/wp-json\/wp\/v2\/types\/post"}],"author":[{"embeddable":true,"href":"https:\/\/www.r2cpress.com.br\/v1\/wp-json\/wp\/v2\/users\/2"}],"replies":[{"embeddable":true,"href":"https:\/\/www.r2cpress.com.br\/v1\/wp-json\/wp\/v2\/comments?post=19824"}],"version-history":[{"count":6,"href":"https:\/\/www.r2cpress.com.br\/v1\/wp-json\/wp\/v2\/posts\/19824\/revisions"}],"predecessor-version":[{"id":19829,"href":"https:\/\/www.r2cpress.com.br\/v1\/wp-json\/wp\/v2\/posts\/19824\/revisions\/19829"}],"wp:attachment":[{"href":"https:\/\/www.r2cpress.com.br\/v1\/wp-json\/wp\/v2\/media?parent=19824"}],"wp:term":[{"taxonomy":"category","embeddable":true,"href":"https:\/\/www.r2cpress.com.br\/v1\/wp-json\/wp\/v2\/categories?post=19824"},{"taxonomy":"post_tag","embeddable":true,"href":"https:\/\/www.r2cpress.com.br\/v1\/wp-json\/wp\/v2\/tags?post=19824"}],"curies":[{"name":"wp","href":"https:\/\/api.w.org\/{rel}","templated":true}]}}