{"id":19944,"date":"2011-07-16T06:14:52","date_gmt":"2011-07-16T09:14:52","guid":{"rendered":"http:\/\/www.r2cpress.com.br\/v1\/?p=19944"},"modified":"2011-07-16T06:14:52","modified_gmt":"2011-07-16T09:14:52","slug":"justica-deficiente","status":"publish","type":"post","link":"https:\/\/www.r2cpress.com.br\/v1\/2011\/07\/16\/justica-deficiente\/","title":{"rendered":"JUSTI\u00c7A DEFICIENTE!!!"},"content":{"rendered":"<p>De: Edson Augusto Lessa Coelho <januspretorius56 @hotmail.com><br \/>\nAssunto: JUSTI\u00c7A DEFICIENTE!!!<\/p>\n<p>Corpo da mensagem:<br \/>\nPrezado Sr. Rabat:<\/p>\n<p>Gostaria de denunciar a lentid\u00e3o, quase in\u00e9rcia, da Justi\u00e7a do Estado da Bahia, incluso a da Comarca de Ilh\u00e9us para v\u00e1rios casos e processos que demandam uma certa urgencia. Temos um processo que se arrasta desde 2008 (e o mesmo s\u00f3 foi reconhecido depois que escrevemos para instancias superiores)e nunca \u00e9 decidido. Esse mesmo processo foi tumultuado (prejudicando a mim como v\u00edtima e beneficiando o r\u00e9u)num verdadeiro desrespeito aos meus direitos de cidad\u00e3o, inclusive com benepl\u00e1cito da pr\u00f3pria Promotoria e da Ju\u00edza encarregada do caso.<br \/>\nAqui no Brasil \u00e9 assim: Diz-se uma democracia quando na verdade \u00e9 uma anarquia.Os direitos dos cidad\u00f5es simples s\u00e3o violados pelas pr\u00f3prias autoridades que deveriam garanti-los.Manda o $$$ dinheiro.Infelizmente o espa\u00e7o n\u00e3o me permite estender-me mais sobre o assunto por\u00e9m fica a conclus\u00e3o: O BRASIL \u00c9 GOVERNADO POR BANDIDOS E PARA BANDIDOS!!!<br \/>\nO honesto aqui tem que se ferrar..<br \/>\nAgrade\u00e7o-lhe pela publica\u00e7\u00e3o.<\/p>\n<p>&#8212;<br \/>\nEsta mensagem foi enviada atrav\u00e9s do formul\u00e1rio de contato do site R2CPRESS | A Letra Fria da Verdade http:\/\/www.r2cpress.com.br\/v1<\/januspretorius56><\/p>\n","protected":false},"excerpt":{"rendered":"<p>De: Edson Augusto Lessa Coelho Assunto: JUSTI\u00c7A DEFICIENTE!!! Corpo da mensagem: Prezado Sr. Rabat: Gostaria de denunciar a lentid\u00e3o, quase in\u00e9rcia, da Justi\u00e7a do Estado da Bahia, incluso a da Comarca de Ilh\u00e9us para v\u00e1rios casos e processos que demandam uma certa urgencia. Temos um processo que se arrasta desde 2008 (e o mesmo s\u00f3 [&hellip;]<\/p>\n","protected":false},"author":2,"featured_media":0,"comment_status":"open","ping_status":"open","sticky":false,"template":"","format":"standard","meta":{"_links_to":"","_links_to_target":""},"categories":[10],"tags":[],"_links":{"self":[{"href":"https:\/\/www.r2cpress.com.br\/v1\/wp-json\/wp\/v2\/posts\/19944"}],"collection":[{"href":"https:\/\/www.r2cpress.com.br\/v1\/wp-json\/wp\/v2\/posts"}],"about":[{"href":"https:\/\/www.r2cpress.com.br\/v1\/wp-json\/wp\/v2\/types\/post"}],"author":[{"embeddable":true,"href":"https:\/\/www.r2cpress.com.br\/v1\/wp-json\/wp\/v2\/users\/2"}],"replies":[{"embeddable":true,"href":"https:\/\/www.r2cpress.com.br\/v1\/wp-json\/wp\/v2\/comments?post=19944"}],"version-history":[{"count":2,"href":"https:\/\/www.r2cpress.com.br\/v1\/wp-json\/wp\/v2\/posts\/19944\/revisions"}],"predecessor-version":[{"id":19946,"href":"https:\/\/www.r2cpress.com.br\/v1\/wp-json\/wp\/v2\/posts\/19944\/revisions\/19946"}],"wp:attachment":[{"href":"https:\/\/www.r2cpress.com.br\/v1\/wp-json\/wp\/v2\/media?parent=19944"}],"wp:term":[{"taxonomy":"category","embeddable":true,"href":"https:\/\/www.r2cpress.com.br\/v1\/wp-json\/wp\/v2\/categories?post=19944"},{"taxonomy":"post_tag","embeddable":true,"href":"https:\/\/www.r2cpress.com.br\/v1\/wp-json\/wp\/v2\/tags?post=19944"}],"curies":[{"name":"wp","href":"https:\/\/api.w.org\/{rel}","templated":true}]}}