{"id":19976,"date":"2011-07-16T08:59:42","date_gmt":"2011-07-16T11:59:42","guid":{"rendered":"http:\/\/www.r2cpress.com.br\/v1\/?p=19976"},"modified":"2011-07-16T08:59:42","modified_gmt":"2011-07-16T11:59:42","slug":"convite-11","status":"publish","type":"post","link":"https:\/\/www.r2cpress.com.br\/v1\/2011\/07\/16\/convite-11\/","title":{"rendered":"CONVITE"},"content":{"rendered":"<p>De: PR GENILTON <ilton_ios @HOTMAIL.COM><br \/>\nAssunto: CONVITE<\/p>\n<p>Corpo da mensagem:<br \/>\nDIA DE A\u00c7\u00d5ES DE GRA\u00c7A<br \/>\n31 DE JULHO DE 2011<br \/>\nTEMA: \u201dSENHOR, SOU TEU SERVO&#8230; OFERECER-TE-EI SACRIFICIOS DE A\u00c7OES DE GRA\u00c7A\u201d.<br \/>\nPROGRAMA\u00c7\u00c3O<br \/>\nDIA 31\/07 \u2013 DOMINGO \u2013 MANH\u00c3<br \/>\n06h00min = CULTO MATUTINO \u2013 ORA\u00c7\u00c3O<br \/>\n07h00min = PALAVRAS DE BOAS VINDAS. Pr. GENILTON E COMISS\u00c3O ORGANIZADORA.<br \/>\n\uf0fc       ORA\u00c7\u00c3O<br \/>\n\uf0fc       02 LOUVORES DO CANTOR CRIST\u00c3O<br \/>\n\uf0fc       LEITURA DA PALAVRA NO TEXTO DE SALMOS 116. 7,16,17.<br \/>\n\uf0fc       PERIODO DE ADORA\u00c7\u00c3O\/02 LOUVORES<br \/>\n\uf0fc       ORA\u00c7\u00c3O DE COMUNH\u00c3O PARTICIPATIVA<br \/>\n08h00min:<br \/>\n\uf0fc       UMA PALESTRA SOBRE O TEMA: GRATID\u00c3O: Pr. WASHINGTON  DE ITABUNA-BA<br \/>\n09h00min:<br \/>\n\uf0fc       01 LOUVOR DE ADORA\u00c7\u00c3O<br \/>\n\uf0fc       ENTREGA DO JEJUM E CONSAGRA\u00c7\u00c3O EM PROL DESTE DIA.<br \/>\n\uf0fc       LANCHE (01 SALGADO\/ TORTA + 01 COPO DE REFRIGERANTE\/SUCO = R$2,00.<br \/>\n09h40min:<br \/>\n\uf0fc       MINISTERIO DE LOUVOR DA IGREJA BATISTA MANACIAL \u2013 ILHEUS-PR. EDUARDO<br \/>\n\uf0fc        PARTICIPA\u00c7\u00c3O DA CANTORA PATRICIA V\u00c9SPE &#8211; ILHEUS (02 LOUVORES)<br \/>\n\uf0fc       PARTICIPA\u00c7\u00c3O DA CANTORA CLAUDIANE OU IRM\u00c3.<br \/>\n\uf0fc       IGREJAS PARTICIPANTES E OUTRAS PARTICIPA\u00c7\u00d5ES<br \/>\n\uf0fc       ENTREGA DAS DEDICA\u00c7\u00d5ES (DIZIMOS E OFERTAS ESPECIAIS)<br \/>\n10h50min:<br \/>\n\uf0fc       MENSAGEM:  Pr. WASHINGTON  DE ITABUNA-BA<br \/>\n\uf0fc       AVISOS E ORA\u00c7\u00c3O<br \/>\n12h00min:<br \/>\n\uf0fc       ALMO\u00c7O ( CARURU,BIFE ACEBOLADO E FRANGO.: R$ 8,00<br \/>\n\uf0fc       SOBRE MESA R$ 1,00<br \/>\n\uf0fc       MOMENTOS DE CONFRATERNIZA\u00c7\u00c3O<\/p>\n<p>DIA 31\/07 \u2013 DOMINGO \u2013 TARDE<\/p>\n<p><!--more--><\/p>\n<p>14h00min:<br \/>\n\uf0fc       MINISTERIO DE LOUVOR DA (SEDE) IGREJA BATISTA NACIONAL 20 DE OUTUBRO<br \/>\n\uf0fc       OUTRAS PARTICIPA\u00c7\u00d5ES<br \/>\n15h00min:<br \/>\n\uf0fc       TALENTOS GOSPEL COM PREMIA\u00c7\u00d4ES PARA 1\u00ba, 2\u00ba e 3\u00ba LUGAR, COM COMISS\u00c3O JULGADORA, INSCRI\u00c7\u00c3O PARA PARTICIPAR = R$ 5,00.<br \/>\n\uf0fc       LANCHE (01 SALGADO\/ TORTA + 01 COPO DE REFRIGERANTE\/SUCO = R$2,00.<br \/>\n16h00min:<br \/>\n\uf0fc       PARTICIPA\u00c7\u00c3O DA CANTORA PATRICIA V\u00c9SPE (02 LOUVORES)<br \/>\n\uf0fc       PARTICIPA\u00c7\u00c3O DA CANTORA CLAUDIANE OU IRM\u00c3.<br \/>\n\uf0fc        COOPERADORES E CANTORES PRESENTES<br \/>\n\uf0fc       IGREJAS PARTICIPANTES E OUTRAS PARTICIPA\u00c7\u00d5ES<br \/>\n\uf0fc       RETIRADAS DAS DEDICA\u00c7\u00d5ES (DIZIMOS E OFERTAS ESPECIAIS)<br \/>\n16h50min:<br \/>\n\uf0fc       MENSAGEM: Pr. MIGUEL JOSE DOS SANTOS DA (SEDE) IGREJA BATISTA NACIONAL 20 DE OUTUBRO DE AURELINO LEAL &#8211; BAHIA<br \/>\n17h40min:<br \/>\n\uf0fc       AVISOS E ORA\u00c7\u00c3O<br \/>\n\uf0fc       LANCHE (01 SALGADO\/ TORTA + 01 COPO DE REFRIGERANTE\/SUCO = R$2,00.<br \/>\n\uf0fc       CONFRATENIZA\u00c7\u00d5ES<br \/>\nDIA 31\/07 \u2013 DOMINGO \u2013 NOITE<br \/>\n19h00min:<br \/>\n\uf0fc       PRELUDIO.  Pr. GENILTON<br \/>\n\uf0fc       ORA\u00c7\u00c3O<br \/>\n\uf0fc       02 HINOS DO CANTOR CRIST\u00c7\u00c3O<br \/>\n\uf0fc       LEITURA DA PALAVRA<br \/>\n\uf0fc       PERIODO DE LOUVOR COM O MINISTERIO DE LOUVOR DA SEDE (IGREJA BATISTA NACIONAL 20 DE OUTUBRO &#8211; AURELINO LEAL-BA)<br \/>\n\uf0fc       PALAVRAS DE BOAS VINDAS. Pr. PRESIDENTE: Pr. MIGUEL JOSE DOS SANTOS<br \/>\n\uf0fc       PARTICIPA\u00c7\u00c3O DA CANTORA CLAUDIANE OU IRM\u00c3.<br \/>\n\uf0fc       CANTORES CONVIDADOS<br \/>\n\uf0fc       IGREJAS PARTICIPANTES E OUTRAS PARTICIPA\u00c7\u00d5ES<br \/>\n\uf0fc       RETIRADAS DAS DEDICA\u00c7\u00d5ES (DIZIMOS E OFERTAS ESPECIAIS)<br \/>\n20h20min:<br \/>\n\uf0fc       MENSAGEM Pr.\/Miss: ISLAN DE AURELINO LEAL-BA<br \/>\n21h00min:<br \/>\n\uf0fc       MINISTRA\u00c7\u00c3O DA CEIA DO SENHOR COM O Pr. MIGUEL J. SANTOS<br \/>\n21h30min:<br \/>\n\uf0fc       AGRADECIMENTOS, AVISOS, ORA\u00c7\u00c3O, BEN\u00c7\u00c3O APOSTOLICA E ENCERRAMNETO \u2013 Pr. MIGUEL e Pr. GENILTON<br \/>\nOBS: TEREMOS CANTINA O DIA TODO. VALOR R$ 2,00, LANCHE (01 SALGADO\/ TORTA + 01 COPO DE REFRIGERANTE\/SUCO.<br \/>\nO Dia de A\u00e7\u00e3o de Gra\u00e7as \u00e9 um dia que celebramos na Igreja Batista Celebrai e com as Igrejas Cooperantes, observado como um dia de gratid\u00e3o, a Deus, pelos bons acontecimentos ocorridos durante o ano. Neste dia, damos gra\u00e7as com jejuns, c\u00e2nticos, ministra\u00e7oes e ora\u00e7\u00f5es.<\/p>\n<p>&#8212;<br \/>\nEsta mensagem foi enviada atrav\u00e9s do formul\u00e1rio de contato do site R2CPRESS | A Letra Fria da Verdade http:\/\/www.r2cpress.com.br\/v1<br \/>\n<\/ilton_ios><\/p>\n","protected":false},"excerpt":{"rendered":"<p>De: PR GENILTON Assunto: CONVITE Corpo da mensagem: DIA DE A\u00c7\u00d5ES DE GRA\u00c7A 31 DE JULHO DE 2011 TEMA: \u201dSENHOR, SOU TEU SERVO&#8230; OFERECER-TE-EI SACRIFICIOS DE A\u00c7OES DE GRA\u00c7A\u201d. PROGRAMA\u00c7\u00c3O DIA 31\/07 \u2013 DOMINGO \u2013 MANH\u00c3 06h00min = CULTO MATUTINO \u2013 ORA\u00c7\u00c3O 07h00min = PALAVRAS DE BOAS VINDAS. Pr. GENILTON E COMISS\u00c3O ORGANIZADORA. \uf0fc ORA\u00c7\u00c3O [&hellip;]<\/p>\n","protected":false},"author":2,"featured_media":0,"comment_status":"open","ping_status":"open","sticky":false,"template":"","format":"standard","meta":{"_links_to":"","_links_to_target":""},"categories":[10],"tags":[],"_links":{"self":[{"href":"https:\/\/www.r2cpress.com.br\/v1\/wp-json\/wp\/v2\/posts\/19976"}],"collection":[{"href":"https:\/\/www.r2cpress.com.br\/v1\/wp-json\/wp\/v2\/posts"}],"about":[{"href":"https:\/\/www.r2cpress.com.br\/v1\/wp-json\/wp\/v2\/types\/post"}],"author":[{"embeddable":true,"href":"https:\/\/www.r2cpress.com.br\/v1\/wp-json\/wp\/v2\/users\/2"}],"replies":[{"embeddable":true,"href":"https:\/\/www.r2cpress.com.br\/v1\/wp-json\/wp\/v2\/comments?post=19976"}],"version-history":[{"count":2,"href":"https:\/\/www.r2cpress.com.br\/v1\/wp-json\/wp\/v2\/posts\/19976\/revisions"}],"predecessor-version":[{"id":19978,"href":"https:\/\/www.r2cpress.com.br\/v1\/wp-json\/wp\/v2\/posts\/19976\/revisions\/19978"}],"wp:attachment":[{"href":"https:\/\/www.r2cpress.com.br\/v1\/wp-json\/wp\/v2\/media?parent=19976"}],"wp:term":[{"taxonomy":"category","embeddable":true,"href":"https:\/\/www.r2cpress.com.br\/v1\/wp-json\/wp\/v2\/categories?post=19976"},{"taxonomy":"post_tag","embeddable":true,"href":"https:\/\/www.r2cpress.com.br\/v1\/wp-json\/wp\/v2\/tags?post=19976"}],"curies":[{"name":"wp","href":"https:\/\/api.w.org\/{rel}","templated":true}]}}