{"id":19982,"date":"2011-07-16T09:12:58","date_gmt":"2011-07-16T12:12:58","guid":{"rendered":"http:\/\/www.r2cpress.com.br\/v1\/?p=19982"},"modified":"2011-07-16T09:12:58","modified_gmt":"2011-07-16T12:12:58","slug":"corrida-de-rua","status":"publish","type":"post","link":"https:\/\/www.r2cpress.com.br\/v1\/2011\/07\/16\/corrida-de-rua\/","title":{"rendered":"CORRIDA DE RUA"},"content":{"rendered":"<p><div id=\"attachment_19983\" style=\"width: 310px\" class=\"wp-caption alignleft\"><a href=\"http:\/\/www.r2cpress.com.br\/v1\/wp-content\/uploads\/Adidas-inverno-2011.jpg\"><img aria-describedby=\"caption-attachment-19983\" loading=\"lazy\" src=\"http:\/\/www.r2cpress.com.br\/v1\/wp-content\/uploads\/Adidas-inverno-2011-300x225.jpg\" alt=\"\" title=\"Adidas inverno 2011\" width=\"300\" height=\"225\" class=\"size-medium wp-image-19983\" srcset=\"https:\/\/www.r2cpress.com.br\/v1\/wp-content\/uploads\/Adidas-inverno-2011-300x225.jpg 300w, https:\/\/www.r2cpress.com.br\/v1\/wp-content\/uploads\/Adidas-inverno-2011.jpg 680w\" sizes=\"(max-width: 300px) 100vw, 300px\" \/><\/a><p id=\"caption-attachment-19983\" class=\"wp-caption-text\">Clique para AMPLIAR.<\/p><\/div><strong>Ilh\u00e9us foi bem representada na Etapa de Inverno do Circuito das Esta\u00e7\u00f5es Adidas<\/strong><\/p>\n<p>A equipe formada pelo Clube de Corrida e Caminhada VO3 mais uma vez representou bem Ilh\u00e9us, desta vez na Etapa de Inverno do Circuito das Esta\u00e7\u00f5es Adidas. Dentre os atletas da VO3 presentes, Rita M\u00e1rcia Kruschewsky foi a segunda colocada nos 10 Km,  categoria 45 a 49 anos, e oitava colocada no geral (51\u201919\u201d)feminino. Janete Silva Sampaio, tamb\u00e9m da equipe VO3, foi a primeira colocada na categoria 50 a 54 anos (52\u201916\u201d), ficando na d\u00e9cima coloca\u00e7\u00e3o geral. \u00c9 importante ressaltar que o geral feminino contou com mais de 1000 atletas.<\/p>\n<p><div id=\"attachment_19985\" style=\"width: 310px\" class=\"wp-caption alignright\"><a href=\"http:\/\/www.r2cpress.com.br\/v1\/wp-content\/uploads\/Adidas-inverno-2011-2.jpg\"><img aria-describedby=\"caption-attachment-19985\" loading=\"lazy\" src=\"http:\/\/www.r2cpress.com.br\/v1\/wp-content\/uploads\/Adidas-inverno-2011-2-300x225.jpg\" alt=\"\" title=\"Adidas inverno 2011 2\" width=\"300\" height=\"225\" class=\"size-medium wp-image-19985\" srcset=\"https:\/\/www.r2cpress.com.br\/v1\/wp-content\/uploads\/Adidas-inverno-2011-2-300x225.jpg 300w, https:\/\/www.r2cpress.com.br\/v1\/wp-content\/uploads\/Adidas-inverno-2011-2.jpg 680w\" sizes=\"(max-width: 300px) 100vw, 300px\" \/><\/a><p id=\"caption-attachment-19985\" class=\"wp-caption-text\">Clique para AMPLIAR.<\/p><\/div>No masculino, Ramah Eduardo Argolo Melqu\u00edades ficou em quinto lugar nos 5 Km, categoria 25 a 29 anos, co o tempo de 19\u201907\u201d. <\/p>\n<p>A Equipe VO3 tem o patroc\u00ednio da Bahia Minera\u00e7\u00e3o (BAMIN), coordena\u00e7\u00e3o de Alberto Kruschewsky, que \u00e9 professor da Universidade Estadual de Santa Cruz, al\u00e9m de Francisco de Assis Bueno e Andr\u00e9 Kruschewsky na prescri\u00e7\u00e3o individualizada de treinamento.<\/p>\n<p>Os s\u00f3cios do clube se encontram para treinos em diversos locais durante a semana, e viajam juntos para competi\u00e7\u00f5es e outros eventos. Para entrar no clube \u00e9 preciso fazer uma avalia\u00e7\u00e3o f\u00edsica, que acontece \u00e0s segundas feiras pela manh\u00e3, na Policl\u00ednica de Ilh\u00e9us, com Alberto Kruschewsky.<\/p>\n","protected":false},"excerpt":{"rendered":"<p>Ilh\u00e9us foi bem representada na Etapa de Inverno do Circuito das Esta\u00e7\u00f5es Adidas A equipe formada pelo Clube de Corrida e Caminhada VO3 mais uma vez representou bem Ilh\u00e9us, desta vez na Etapa de Inverno do Circuito das Esta\u00e7\u00f5es Adidas. Dentre os atletas da VO3 presentes, Rita M\u00e1rcia Kruschewsky foi a segunda colocada nos 10 [&hellip;]<\/p>\n","protected":false},"author":2,"featured_media":0,"comment_status":"open","ping_status":"open","sticky":false,"template":"","format":"standard","meta":{"_links_to":"","_links_to_target":""},"categories":[11],"tags":[],"_links":{"self":[{"href":"https:\/\/www.r2cpress.com.br\/v1\/wp-json\/wp\/v2\/posts\/19982"}],"collection":[{"href":"https:\/\/www.r2cpress.com.br\/v1\/wp-json\/wp\/v2\/posts"}],"about":[{"href":"https:\/\/www.r2cpress.com.br\/v1\/wp-json\/wp\/v2\/types\/post"}],"author":[{"embeddable":true,"href":"https:\/\/www.r2cpress.com.br\/v1\/wp-json\/wp\/v2\/users\/2"}],"replies":[{"embeddable":true,"href":"https:\/\/www.r2cpress.com.br\/v1\/wp-json\/wp\/v2\/comments?post=19982"}],"version-history":[{"count":3,"href":"https:\/\/www.r2cpress.com.br\/v1\/wp-json\/wp\/v2\/posts\/19982\/revisions"}],"predecessor-version":[{"id":19987,"href":"https:\/\/www.r2cpress.com.br\/v1\/wp-json\/wp\/v2\/posts\/19982\/revisions\/19987"}],"wp:attachment":[{"href":"https:\/\/www.r2cpress.com.br\/v1\/wp-json\/wp\/v2\/media?parent=19982"}],"wp:term":[{"taxonomy":"category","embeddable":true,"href":"https:\/\/www.r2cpress.com.br\/v1\/wp-json\/wp\/v2\/categories?post=19982"},{"taxonomy":"post_tag","embeddable":true,"href":"https:\/\/www.r2cpress.com.br\/v1\/wp-json\/wp\/v2\/tags?post=19982"}],"curies":[{"name":"wp","href":"https:\/\/api.w.org\/{rel}","templated":true}]}}