{"id":20000,"date":"2011-07-16T14:23:55","date_gmt":"2011-07-16T17:23:55","guid":{"rendered":"http:\/\/www.r2cpress.com.br\/v1\/?p=20000"},"modified":"2011-07-16T14:23:55","modified_gmt":"2011-07-16T17:23:55","slug":"2%c2%b0-bpm-faz-homenagem-a-policiais-militares","status":"publish","type":"post","link":"https:\/\/www.r2cpress.com.br\/v1\/2011\/07\/16\/2%c2%b0-bpm-faz-homenagem-a-policiais-militares\/","title":{"rendered":"2\u00b0 BPM FAZ HOMENAGEM A POLICIAIS MILITARES"},"content":{"rendered":"<p>No dia 12 de julho, em parada matinal que visou exaltar o m\u00e9rito Policial Militar em todas as suas gradua\u00e7\u00f5es e postos, o Ten Cel PM Teixeira, Comandante, realizou junto ao seu efetivo homenagem aos policiais militares que pertenceram ao Segundo Batalh\u00e3o e foram  incorporados \u00e0 inatividade.<\/p>\n<p>Esse reconhecimento p\u00fablico buscou valorizar o compromisso e responsabilidade com que esses profissionais sempre se dedicaram ao servi\u00e7o na Pol\u00edcia Militar da Bahia, em especial servindo o 2\u00ba BPM. <\/p>\n<p>Al\u00e9m disso, foi concedido o T\u00edtulo de Policial Militar Padr\u00e3o do m\u00eas de junho ao Oficial e Pra\u00e7a que se destacaram na execu\u00e7\u00e3o das atividades profissionais no \u00e2mbito de suas fun\u00e7\u00f5es. <\/p>\n<div id=\"attachment_20001\" style=\"width: 310px\" class=\"wp-caption aligncenter\"><a href=\"http:\/\/www.r2cpress.com.br\/v1\/wp-content\/uploads\/P7120062.jpg\"><img aria-describedby=\"caption-attachment-20001\" loading=\"lazy\" src=\"http:\/\/www.r2cpress.com.br\/v1\/wp-content\/uploads\/P7120062-300x225.jpg\" alt=\"\" title=\"OLYMPUS DIGITAL CAMERA\" width=\"300\" height=\"225\" class=\"size-medium wp-image-20001\" srcset=\"https:\/\/www.r2cpress.com.br\/v1\/wp-content\/uploads\/P7120062-300x225.jpg 300w, https:\/\/www.r2cpress.com.br\/v1\/wp-content\/uploads\/P7120062.jpg 680w\" sizes=\"(max-width: 300px) 100vw, 300px\" \/><\/a><p id=\"caption-attachment-20001\" class=\"wp-caption-text\">Clique para AMPLIAR.<\/p><\/div>\n<div id=\"attachment_20002\" style=\"width: 310px\" class=\"wp-caption aligncenter\"><a href=\"http:\/\/www.r2cpress.com.br\/v1\/wp-content\/uploads\/P7120093.jpg\"><img aria-describedby=\"caption-attachment-20002\" loading=\"lazy\" src=\"http:\/\/www.r2cpress.com.br\/v1\/wp-content\/uploads\/P7120093-300x225.jpg\" alt=\"\" title=\"OLYMPUS DIGITAL CAMERA\" width=\"300\" height=\"225\" class=\"size-medium wp-image-20002\" srcset=\"https:\/\/www.r2cpress.com.br\/v1\/wp-content\/uploads\/P7120093-300x225.jpg 300w, https:\/\/www.r2cpress.com.br\/v1\/wp-content\/uploads\/P7120093.jpg 680w\" sizes=\"(max-width: 300px) 100vw, 300px\" \/><\/a><p id=\"caption-attachment-20002\" class=\"wp-caption-text\">Clique para AMPLIAR.<\/p><\/div>\n<div id=\"attachment_20003\" style=\"width: 310px\" class=\"wp-caption aligncenter\"><a href=\"http:\/\/www.r2cpress.com.br\/v1\/wp-content\/uploads\/P7120150.jpg\"><img aria-describedby=\"caption-attachment-20003\" loading=\"lazy\" src=\"http:\/\/www.r2cpress.com.br\/v1\/wp-content\/uploads\/P7120150-300x225.jpg\" alt=\"\" title=\"OLYMPUS DIGITAL CAMERA\" width=\"300\" height=\"225\" class=\"size-medium wp-image-20003\" srcset=\"https:\/\/www.r2cpress.com.br\/v1\/wp-content\/uploads\/P7120150-300x225.jpg 300w, https:\/\/www.r2cpress.com.br\/v1\/wp-content\/uploads\/P7120150.jpg 680w\" sizes=\"(max-width: 300px) 100vw, 300px\" \/><\/a><p id=\"caption-attachment-20003\" class=\"wp-caption-text\">Clique para AMPLIAR.<\/p><\/div>\n","protected":false},"excerpt":{"rendered":"<p>No dia 12 de julho, em parada matinal que visou exaltar o m\u00e9rito Policial Militar em todas as suas gradua\u00e7\u00f5es e postos, o Ten Cel PM Teixeira, Comandante, realizou junto ao seu efetivo homenagem aos policiais militares que pertenceram ao Segundo Batalh\u00e3o e foram incorporados \u00e0 inatividade. Esse reconhecimento p\u00fablico buscou valorizar o compromisso e [&hellip;]<\/p>\n","protected":false},"author":2,"featured_media":0,"comment_status":"open","ping_status":"open","sticky":false,"template":"","format":"standard","meta":{"_links_to":"","_links_to_target":""},"categories":[25],"tags":[],"_links":{"self":[{"href":"https:\/\/www.r2cpress.com.br\/v1\/wp-json\/wp\/v2\/posts\/20000"}],"collection":[{"href":"https:\/\/www.r2cpress.com.br\/v1\/wp-json\/wp\/v2\/posts"}],"about":[{"href":"https:\/\/www.r2cpress.com.br\/v1\/wp-json\/wp\/v2\/types\/post"}],"author":[{"embeddable":true,"href":"https:\/\/www.r2cpress.com.br\/v1\/wp-json\/wp\/v2\/users\/2"}],"replies":[{"embeddable":true,"href":"https:\/\/www.r2cpress.com.br\/v1\/wp-json\/wp\/v2\/comments?post=20000"}],"version-history":[{"count":4,"href":"https:\/\/www.r2cpress.com.br\/v1\/wp-json\/wp\/v2\/posts\/20000\/revisions"}],"predecessor-version":[{"id":20007,"href":"https:\/\/www.r2cpress.com.br\/v1\/wp-json\/wp\/v2\/posts\/20000\/revisions\/20007"}],"wp:attachment":[{"href":"https:\/\/www.r2cpress.com.br\/v1\/wp-json\/wp\/v2\/media?parent=20000"}],"wp:term":[{"taxonomy":"category","embeddable":true,"href":"https:\/\/www.r2cpress.com.br\/v1\/wp-json\/wp\/v2\/categories?post=20000"},{"taxonomy":"post_tag","embeddable":true,"href":"https:\/\/www.r2cpress.com.br\/v1\/wp-json\/wp\/v2\/tags?post=20000"}],"curies":[{"name":"wp","href":"https:\/\/api.w.org\/{rel}","templated":true}]}}