{"id":20168,"date":"2011-07-19T14:08:46","date_gmt":"2011-07-19T17:08:46","guid":{"rendered":"http:\/\/www.r2cpress.com.br\/v1\/?p=20168"},"modified":"2011-07-19T14:08:46","modified_gmt":"2011-07-19T17:08:46","slug":"como-some-o-dinheiro-da-saude","status":"publish","type":"post","link":"https:\/\/www.r2cpress.com.br\/v1\/2011\/07\/19\/como-some-o-dinheiro-da-saude\/","title":{"rendered":"Como some o dinheiro da sa\u00fade"},"content":{"rendered":"<p><strong>Antonio Carlos Lopes<\/strong><\/p>\n<p>Basta uma r\u00e1pida busca na internet para confirmar que o caos da sa\u00fade \u00e9 iminente e desenha-se ano ap\u00f3s ano. As not\u00edcias de tempos atr\u00e1s e as de hoje retratam uma trag\u00e9dia anunciada pela insufici\u00eancia de recursos destinados \u00e0 assist\u00eancia dos cidad\u00e3os.  <\/p>\n<p>Veja s\u00f3 algumas manchetes atrav\u00e9s dos tempos: 2003,  Brasil \u00e9 o pa\u00eds que menos investe em sa\u00fade na Am\u00e9rica Latina; 2007, Investimento ainda \u00e9 baixo em compara\u00e7\u00e3o com outros pa\u00edses; 2008, Brasil investe em sa\u00fade pouco mais que metade do gasto de pa\u00edses vizinhos; 2010, Sa\u00fade sofre com falta de recursos e gerenciamento prec\u00e1rio; 2011, Brasil \u00e9 lanterna em investimento na sa\u00fade. <\/p>\n<p>Segundo o artigo 196 da Constitui\u00e7\u00e3o Federal, \u201ca sa\u00fade \u00e9 direito de todos e dever do Estado, garantido mediante pol\u00edticas sociais e econ\u00f4micas que visem \u00e0 redu\u00e7\u00e3o do risco de doen\u00e7a e de outros agravos e ao acesso universal e igualit\u00e1rio \u00e0s a\u00e7\u00f5es e servi\u00e7os para sua promo\u00e7\u00e3o, prote\u00e7\u00e3o e recupera\u00e7\u00e3o\u201d. Muito bonita a teoria, mas, para transform\u00e1-la em pr\u00e1tica, s\u00e3o necess\u00e1rios recursos e vontade pol\u00edtica.<\/p>\n<p><!--more--><\/p>\n<p> O problema \u00e9 que de boa parte dos gestores p\u00fablicos, a quem caberiam comprometimento e responsabilidade social, nem sempre os exemplos s\u00e3o os melhores.  Agora mesmo acabamos de confirmar den\u00fancia h\u00e1 tempos feita por entidades m\u00e9dicas: h\u00e1 estados maquiando as destina\u00e7\u00f5es legalmente obrigat\u00f3rias em sa\u00fade, desviando-as a outros fins. Nos \u00faltimos anos cerca de R$ 12 bilh\u00f5es declarados como investimentos no setor foram gastos em saneamento b\u00e1sico, financiamento educacional, aposentadorias de servidores, s\u00f3 para citar alguns exemplos.<\/p>\n<p>Claro que todos esses segmentos tamb\u00e9m s\u00e3o importantes, por\u00e9m, todos t\u00eam destina\u00e7\u00f5es pr\u00f3prias. \u00c9 inadmiss\u00edvel que sejam desviados os minguados recursos da sa\u00fade, sendo que nosso pa\u00eds padece de resolubilidade no atendimento, com hospitais sucateados, filas de esperas intermin\u00e1veis, falta de leitos, recursos humanos desvalorizados e por a\u00ed vai.<\/p>\n<p>Faz pouco tempo, a Organiza\u00e7\u00e3o Mundial da Sa\u00fade (OMS) divulgou relat\u00f3rio anual com dados sobre a sa\u00fade no mundo, entre eles os investimentos no setor por pa\u00eds. Entre as 192 na\u00e7\u00f5es avaliadas, ocupamos a med\u00edocre 151\u00ba posi\u00e7\u00e3o. Aqui, a parcela do or\u00e7amento reservada \u00e0 sa\u00fade \u00e9 de 6%. A m\u00e9dia africana, regi\u00e3o extremamente mais pobre e com incont\u00e1veis problemas sociais, \u00e9 de 9,6%.<\/p>\n<p>Em termos de financiamento, o Brasil est\u00e1 muito distante de pa\u00edses em que o acesso \u00e0 sa\u00fade \u00e9, na pr\u00e1tica, universal, integral, e direito de todos os cidad\u00e3os. No Reino Unido, 86% s\u00e3o de recursos p\u00fablicos. Na Su\u00e9cia, investe-se 85%. Na Dinamarca, Alemanha e Fran\u00e7a as destina\u00e7\u00f5es s\u00e3o, respectivamente, de 83%, 76% e 75%.<\/p>\n<p>N\u00e3o \u00e0 toa, a despeito de ser considerado uma das propostas mais vanguardistas de universaliza\u00e7\u00e3o da assist\u00eancia em todo o mundo, o Sistema \u00danico de Sa\u00fade (SUS) ainda n\u00e3o se viabilizou. Sua inani\u00e7\u00e3o vem da falta de recursos.<\/p>\n<p>Para reverter esse quadro, o rem\u00e9dio \u00e9 conhecido: precisamos urgentemente regulamentar a Emenda 29, estabelecendo em lei os investimentos m\u00ednimos de Federa\u00e7\u00e3o, estados e munic\u00edpios, al\u00e9m de determinar o que s\u00e3o de fato as destina\u00e7\u00f5es para a sa\u00fade.<\/p>\n<p>Dinheiro investido em sa\u00fade n\u00e3o \u00e9 gasto, e sim investimento. \u00c9 o que precisamos: investimentos em dias melhores para os brasileiros.<\/p>\n<p>&#8212;<br \/>\n<strong>Antonio Carlos Lopes<\/strong>, presidente da Sociedade Brasileira de Cl\u00ednica M\u00e9dica<\/p>\n","protected":false},"excerpt":{"rendered":"<p>Antonio Carlos Lopes Basta uma r\u00e1pida busca na internet para confirmar que o caos da sa\u00fade \u00e9 iminente e desenha-se ano ap\u00f3s ano. As not\u00edcias de tempos atr\u00e1s e as de hoje retratam uma trag\u00e9dia anunciada pela insufici\u00eancia de recursos destinados \u00e0 assist\u00eancia dos cidad\u00e3os. Veja s\u00f3 algumas manchetes atrav\u00e9s dos tempos: 2003, Brasil \u00e9 [&hellip;]<\/p>\n","protected":false},"author":2,"featured_media":0,"comment_status":"open","ping_status":"open","sticky":false,"template":"","format":"standard","meta":{"_links_to":"","_links_to_target":""},"categories":[24],"tags":[],"_links":{"self":[{"href":"https:\/\/www.r2cpress.com.br\/v1\/wp-json\/wp\/v2\/posts\/20168"}],"collection":[{"href":"https:\/\/www.r2cpress.com.br\/v1\/wp-json\/wp\/v2\/posts"}],"about":[{"href":"https:\/\/www.r2cpress.com.br\/v1\/wp-json\/wp\/v2\/types\/post"}],"author":[{"embeddable":true,"href":"https:\/\/www.r2cpress.com.br\/v1\/wp-json\/wp\/v2\/users\/2"}],"replies":[{"embeddable":true,"href":"https:\/\/www.r2cpress.com.br\/v1\/wp-json\/wp\/v2\/comments?post=20168"}],"version-history":[{"count":2,"href":"https:\/\/www.r2cpress.com.br\/v1\/wp-json\/wp\/v2\/posts\/20168\/revisions"}],"predecessor-version":[{"id":20170,"href":"https:\/\/www.r2cpress.com.br\/v1\/wp-json\/wp\/v2\/posts\/20168\/revisions\/20170"}],"wp:attachment":[{"href":"https:\/\/www.r2cpress.com.br\/v1\/wp-json\/wp\/v2\/media?parent=20168"}],"wp:term":[{"taxonomy":"category","embeddable":true,"href":"https:\/\/www.r2cpress.com.br\/v1\/wp-json\/wp\/v2\/categories?post=20168"},{"taxonomy":"post_tag","embeddable":true,"href":"https:\/\/www.r2cpress.com.br\/v1\/wp-json\/wp\/v2\/tags?post=20168"}],"curies":[{"name":"wp","href":"https:\/\/api.w.org\/{rel}","templated":true}]}}