{"id":20331,"date":"2011-07-21T13:43:27","date_gmt":"2011-07-21T16:43:27","guid":{"rendered":"http:\/\/www.r2cpress.com.br\/v1\/?p=20331"},"modified":"2011-07-21T13:43:27","modified_gmt":"2011-07-21T16:43:27","slug":"rua-sa-oliveira","status":"publish","type":"post","link":"https:\/\/www.r2cpress.com.br\/v1\/2011\/07\/21\/rua-sa-oliveira\/","title":{"rendered":"RUA S\u00c1 OLIVEIRA"},"content":{"rendered":"<div>Rabat:<\/div>\n<div><\/div>\n<div>S\u00f3 para lembrar.<\/div>\n<div><\/div>\n<div>A foto a seguir foi tirada em 18.09.2010. A Prefeitura j\u00e1 tinha cal\u00e7ado toda a\u00a0Rua S\u00e1 Oliveira e come\u00e7ava a desmanchar tudo que tinha sido feito, para tranmsform\u00e1-la num cal\u00e7ad\u00e3o. Cal\u00e7ad\u00e3o este que at\u00e9 hoje n\u00e3o foi concluido.<\/div>\n<div>\n<div id=\"attachment_20332\" style=\"width: 310px\" class=\"wp-caption aligncenter\"><a href=\"http:\/\/www.r2cpress.com.br\/v1\/wp-content\/uploads\/Sa-oliveira-2-18.09.jpg\"><img aria-describedby=\"caption-attachment-20332\" loading=\"lazy\" class=\"size-medium wp-image-20332\" title=\"Sa oliveira 2 18.09\" src=\"http:\/\/www.r2cpress.com.br\/v1\/wp-content\/uploads\/Sa-oliveira-2-18.09-300x225.jpg\" alt=\"\" width=\"300\" height=\"225\" srcset=\"https:\/\/www.r2cpress.com.br\/v1\/wp-content\/uploads\/Sa-oliveira-2-18.09-300x225.jpg 300w, https:\/\/www.r2cpress.com.br\/v1\/wp-content\/uploads\/Sa-oliveira-2-18.09.jpg 680w\" sizes=\"(max-width: 300px) 100vw, 300px\" \/><\/a><p id=\"caption-attachment-20332\" class=\"wp-caption-text\">Clique para AMPLIAR.<\/p><\/div>\n<\/div>\n<div>\u00c9 realmente uma VERGONHA, como aqui j\u00e1 foi dito por v\u00e1rias vezes, al\u00e9m de um grande derperd\u00edcio de recursos p\u00fablicos.<\/div>\n<div><\/div>\n<div>Estou sugerindo aos comerciantes e moradores da regi\u00e3o, que se juntem e fa\u00e7am um grande ato de PROTESTO, para ver\u00a0se o pessoal da Prefeitura toma vergonha e faz alguma coisa.\u00a0<br clear=\"all\" \/><br \/>\n&#8212;<\/div>\n<div>Carlos da Silva Mascarenhas<\/div>\n<div><a href=\"mailto:carlos.consultic@gmail.com\" target=\"_blank\">carlos.consultic@gmail.com<\/a><br \/>\n73 8147-0607<\/div>\n","protected":false},"excerpt":{"rendered":"<p>Rabat: S\u00f3 para lembrar. A foto a seguir foi tirada em 18.09.2010. A Prefeitura j\u00e1 tinha cal\u00e7ado toda a\u00a0Rua S\u00e1 Oliveira e come\u00e7ava a desmanchar tudo que tinha sido feito, para tranmsform\u00e1-la num cal\u00e7ad\u00e3o. Cal\u00e7ad\u00e3o este que at\u00e9 hoje n\u00e3o foi concluido. \u00c9 realmente uma VERGONHA, como aqui j\u00e1 foi dito por v\u00e1rias vezes, al\u00e9m [&hellip;]<\/p>\n","protected":false},"author":2,"featured_media":0,"comment_status":"open","ping_status":"open","sticky":false,"template":"","format":"standard","meta":{"_links_to":"","_links_to_target":""},"categories":[10],"tags":[],"_links":{"self":[{"href":"https:\/\/www.r2cpress.com.br\/v1\/wp-json\/wp\/v2\/posts\/20331"}],"collection":[{"href":"https:\/\/www.r2cpress.com.br\/v1\/wp-json\/wp\/v2\/posts"}],"about":[{"href":"https:\/\/www.r2cpress.com.br\/v1\/wp-json\/wp\/v2\/types\/post"}],"author":[{"embeddable":true,"href":"https:\/\/www.r2cpress.com.br\/v1\/wp-json\/wp\/v2\/users\/2"}],"replies":[{"embeddable":true,"href":"https:\/\/www.r2cpress.com.br\/v1\/wp-json\/wp\/v2\/comments?post=20331"}],"version-history":[{"count":3,"href":"https:\/\/www.r2cpress.com.br\/v1\/wp-json\/wp\/v2\/posts\/20331\/revisions"}],"predecessor-version":[{"id":20335,"href":"https:\/\/www.r2cpress.com.br\/v1\/wp-json\/wp\/v2\/posts\/20331\/revisions\/20335"}],"wp:attachment":[{"href":"https:\/\/www.r2cpress.com.br\/v1\/wp-json\/wp\/v2\/media?parent=20331"}],"wp:term":[{"taxonomy":"category","embeddable":true,"href":"https:\/\/www.r2cpress.com.br\/v1\/wp-json\/wp\/v2\/categories?post=20331"},{"taxonomy":"post_tag","embeddable":true,"href":"https:\/\/www.r2cpress.com.br\/v1\/wp-json\/wp\/v2\/tags?post=20331"}],"curies":[{"name":"wp","href":"https:\/\/api.w.org\/{rel}","templated":true}]}}