{"id":20650,"date":"2011-07-26T21:30:34","date_gmt":"2011-07-27T00:30:34","guid":{"rendered":"http:\/\/www.r2cpress.com.br\/v1\/?p=20650"},"modified":"2011-07-26T21:30:34","modified_gmt":"2011-07-27T00:30:34","slug":"nota-publica-de-repudio","status":"publish","type":"post","link":"https:\/\/www.r2cpress.com.br\/v1\/2011\/07\/26\/nota-publica-de-repudio\/","title":{"rendered":"NOTA P\u00daBLICA DE REP\u00daDIO"},"content":{"rendered":"<p align=\"center\"><strong>SINDICATO DOS RADIALISTAS DE ILH\u00c9US<\/strong><\/p>\n<p align=\"center\"><strong>Associa\u00e7\u00e3o Bahiana de Imprensa &#8211; ABI Seccional Sul<\/strong><\/p>\n<p align=\"center\"><strong>\u00a0<\/strong><\/p>\n<p>\u00a0\u00a0\u00a0\u00a0\u00a0\u00a0\u00a0\u00a0\u00a0 O Sindicato dos Radialistas de Ilh\u00e9us e a Associa\u00e7\u00e3o Bahiana de Imprensa (ABI) Seccional Sul, manifestam seu rep\u00fadio \u00e0 agress\u00e3o f\u00edsica sofrida pelo radialista F\u00e1bio Roberto Alves de Ara\u00fajo, no \u00faltimo dia 14\/07, logo ap\u00f3s deixar a emissora, R\u00e1dio Nova Bahiana de Ilh\u00e9us Ltda, onde apresenta um programa jornal\u00edstico.<\/p>\n<p>&nbsp;<\/p>\n<p>O direito de informar e de se manifestar \u00e9 uma garantia constitucional, sob pena de qualquer restri\u00e7\u00e3o ou pretexto. Nada justifica a covardia sofrida pelo profissional de r\u00e1dio, o qual goza da liberdade de express\u00e3o e manifesta\u00e7\u00e3o de pensamento. O radialista no exerc\u00edcio e cumprimento do seu dever indispens\u00e1vel \u00e0 sociedade \u00e9, sem sombra de d\u00favida, um porta-voz dos mun\u00edcipes, especialmente os mais humildes e explorados.<\/p>\n<p>&nbsp;<\/p>\n<p>Os profissionais das emissoras de r\u00e1dio de Ilh\u00e9us n\u00e3o podem estar sujeitos ao humor de quem quer que seja. Portanto, as entidades que esta subscrevem, fieis ao dever de defender os profissionais de imprensa, n\u00e3o medir\u00e3o esfor\u00e7os junto \u00e0s autoridades competentes, no sentido de elucidarem o fato e, posteriormente, punir seus autores e\/ou mandantes.<\/p>\n<p>&nbsp;<\/p>\n<p>Ilh\u00e9us &#8211; Bahia, 27 de julho de 2011.<\/p>\n<p>&nbsp;<\/p>\n<p align=\"center\"><strong>Elias Reis<\/strong><\/p>\n<p align=\"center\"><strong>Presidente do Sindicato dos Radialistas de Ilh\u00e9us<\/strong><\/p>\n<p align=\"center\"><strong>Ramiro Aquino<\/strong><\/p>\n<p align=\"center\"><strong>Presidente da ABI &#8211; Seccional Sul<\/strong><\/p>\n","protected":false},"excerpt":{"rendered":"<p>SINDICATO DOS RADIALISTAS DE ILH\u00c9US Associa\u00e7\u00e3o Bahiana de Imprensa &#8211; ABI Seccional Sul \u00a0 \u00a0\u00a0\u00a0\u00a0\u00a0\u00a0\u00a0\u00a0\u00a0 O Sindicato dos Radialistas de Ilh\u00e9us e a Associa\u00e7\u00e3o Bahiana de Imprensa (ABI) Seccional Sul, manifestam seu rep\u00fadio \u00e0 agress\u00e3o f\u00edsica sofrida pelo radialista F\u00e1bio Roberto Alves de Ara\u00fajo, no \u00faltimo dia 14\/07, logo ap\u00f3s deixar a emissora, R\u00e1dio Nova [&hellip;]<\/p>\n","protected":false},"author":2,"featured_media":0,"comment_status":"open","ping_status":"open","sticky":false,"template":"","format":"standard","meta":{"_links_to":"","_links_to_target":""},"categories":[14],"tags":[],"_links":{"self":[{"href":"https:\/\/www.r2cpress.com.br\/v1\/wp-json\/wp\/v2\/posts\/20650"}],"collection":[{"href":"https:\/\/www.r2cpress.com.br\/v1\/wp-json\/wp\/v2\/posts"}],"about":[{"href":"https:\/\/www.r2cpress.com.br\/v1\/wp-json\/wp\/v2\/types\/post"}],"author":[{"embeddable":true,"href":"https:\/\/www.r2cpress.com.br\/v1\/wp-json\/wp\/v2\/users\/2"}],"replies":[{"embeddable":true,"href":"https:\/\/www.r2cpress.com.br\/v1\/wp-json\/wp\/v2\/comments?post=20650"}],"version-history":[{"count":3,"href":"https:\/\/www.r2cpress.com.br\/v1\/wp-json\/wp\/v2\/posts\/20650\/revisions"}],"predecessor-version":[{"id":20653,"href":"https:\/\/www.r2cpress.com.br\/v1\/wp-json\/wp\/v2\/posts\/20650\/revisions\/20653"}],"wp:attachment":[{"href":"https:\/\/www.r2cpress.com.br\/v1\/wp-json\/wp\/v2\/media?parent=20650"}],"wp:term":[{"taxonomy":"category","embeddable":true,"href":"https:\/\/www.r2cpress.com.br\/v1\/wp-json\/wp\/v2\/categories?post=20650"},{"taxonomy":"post_tag","embeddable":true,"href":"https:\/\/www.r2cpress.com.br\/v1\/wp-json\/wp\/v2\/tags?post=20650"}],"curies":[{"name":"wp","href":"https:\/\/api.w.org\/{rel}","templated":true}]}}