{"id":21156,"date":"2011-08-03T10:15:29","date_gmt":"2011-08-03T13:15:29","guid":{"rendered":"http:\/\/www.r2cpress.com.br\/v1\/?p=21156"},"modified":"2011-08-03T10:15:29","modified_gmt":"2011-08-03T13:15:29","slug":"anisio-cruz-em-topicos-de-cidadania","status":"publish","type":"post","link":"https:\/\/www.r2cpress.com.br\/v1\/2011\/08\/03\/anisio-cruz-em-topicos-de-cidadania\/","title":{"rendered":"An\u00edsio Cruz em: T\u00d3PICOS DE CIDADANIA"},"content":{"rendered":"<p><img align = \"left\" src = \"http:\/\/www.r2cpress.com.br\/v1\/wp-content\/uploads\/An%C3%ADsio-novo_cidadania.jpg\"\/>Os &#8220;pardais&#8221; est\u00e3o em pleno funcionamento, e as reclama\u00e7\u00f5es por multas recebidas, s\u00f3 aumentam. Tenho d\u00favidas quanto \u00e0 localiza\u00e7\u00e3o dos equipamentos, especialmente aquele da Av. Get\u00falio Vargas, logo ap\u00f3s a Ponte Lomanto J\u00fanior, como tamb\u00e9m na Av. Proclama\u00e7\u00e3o, no Sav\u00f3ia. Creio que deveriam ter escolhido melhor, pois no caso do primeiro, os ve\u00edculos que acabam de cruzar a ponte, ainda n\u00e3o retomaram plenamente a acelera\u00e7\u00e3o, somente aumentando a velocidade, ap\u00f3s passarem pela c\u00e2mera; no Sav\u00f3ia, desviam pela Av. Central, escapando do equipamento e colocando em risco os moradores do bairro. Sugiro que um outro seja colocado entre a primeira rotat\u00f3ria do Distrito Industrial, e a f\u00e1brica de chocolates caseiros, flagrando os apressadinhos que saem da ponte da Ba. 001 (Itacar\u00e9) com destino ao Centro de Ilh\u00e9us, fazendo uma convers\u00e3o proibida e colocando em risco os demais ve\u00edculos e seus ocupantes (na verdade eles deveriam seguir em dire\u00e7\u00e3o ao Iguape, at\u00e9 a rotat\u00f3ria, de onde retomariam o seu destino). Disciplinar, \u00e9 preciso.<\/p>\n<p>******   ******   ******<\/p>\n<p>A falta do pavilh\u00e3o de eventos, no nosso Centro de Conven\u00e7\u00f5es, \u00e9 sentida sempre que surge uma nova possibilidade. Agora mesmo, est\u00e3o usando a \u00e1rea gramada do Parque da Cidade. Ali\u00e1s, n\u00e3o entendo a quantidade de postes fincados na \u00e1rea, totalmente desnecess\u00e1rios ao longo do ano, aguardando as feiras de final de ano, parques, e circos que ali se instalam, e enfeiam o nosso ex-cart\u00e3o postal. As concession\u00e1rias de servi\u00e7os de eletrifica\u00e7\u00e3o e telefonia economizam, e\/ou faturam. E a cidade, dane-se. Fazer o que?<\/p>\n<p>******   ******   ******<\/p>\n<p>    E os vendedores de frutas, e outros assemelhados no cal\u00e7ad\u00e3o da D. Pedro II, e da Rua Marques de Paranagu\u00e1, camel\u00f4s, etc, se espalham \u00e0 vontade. Quem vai cuidar de dar um m\u00ednimo de organiza\u00e7\u00e3o \u00e0quela &#8220;zorra&#8221;? Junte-se \u00e0 isso, os orelh\u00f5es, as bicicletas, as mercadorias das lojas, e outros \u00edtens. T\u00e1 dif\u00edcil&#8230;<\/p>\n","protected":false},"excerpt":{"rendered":"<p>Os &#8220;pardais&#8221; est\u00e3o em pleno funcionamento, e as reclama\u00e7\u00f5es por multas recebidas, s\u00f3 aumentam. Tenho d\u00favidas quanto \u00e0 localiza\u00e7\u00e3o dos equipamentos, especialmente aquele da Av. Get\u00falio Vargas, logo ap\u00f3s a Ponte Lomanto J\u00fanior, como tamb\u00e9m na Av. Proclama\u00e7\u00e3o, no Sav\u00f3ia. Creio que deveriam ter escolhido melhor, pois no caso do primeiro, os ve\u00edculos que acabam [&hellip;]<\/p>\n","protected":false},"author":2,"featured_media":0,"comment_status":"open","ping_status":"open","sticky":false,"template":"","format":"standard","meta":{"_links_to":"","_links_to_target":""},"categories":[10],"tags":[],"_links":{"self":[{"href":"https:\/\/www.r2cpress.com.br\/v1\/wp-json\/wp\/v2\/posts\/21156"}],"collection":[{"href":"https:\/\/www.r2cpress.com.br\/v1\/wp-json\/wp\/v2\/posts"}],"about":[{"href":"https:\/\/www.r2cpress.com.br\/v1\/wp-json\/wp\/v2\/types\/post"}],"author":[{"embeddable":true,"href":"https:\/\/www.r2cpress.com.br\/v1\/wp-json\/wp\/v2\/users\/2"}],"replies":[{"embeddable":true,"href":"https:\/\/www.r2cpress.com.br\/v1\/wp-json\/wp\/v2\/comments?post=21156"}],"version-history":[{"count":3,"href":"https:\/\/www.r2cpress.com.br\/v1\/wp-json\/wp\/v2\/posts\/21156\/revisions"}],"predecessor-version":[{"id":21159,"href":"https:\/\/www.r2cpress.com.br\/v1\/wp-json\/wp\/v2\/posts\/21156\/revisions\/21159"}],"wp:attachment":[{"href":"https:\/\/www.r2cpress.com.br\/v1\/wp-json\/wp\/v2\/media?parent=21156"}],"wp:term":[{"taxonomy":"category","embeddable":true,"href":"https:\/\/www.r2cpress.com.br\/v1\/wp-json\/wp\/v2\/categories?post=21156"},{"taxonomy":"post_tag","embeddable":true,"href":"https:\/\/www.r2cpress.com.br\/v1\/wp-json\/wp\/v2\/tags?post=21156"}],"curies":[{"name":"wp","href":"https:\/\/api.w.org\/{rel}","templated":true}]}}