{"id":21160,"date":"2011-08-03T10:28:33","date_gmt":"2011-08-03T13:28:33","guid":{"rendered":"http:\/\/www.r2cpress.com.br\/v1\/?p=21160"},"modified":"2011-08-03T10:28:33","modified_gmt":"2011-08-03T13:28:33","slug":"alfredo-amorim-da-silveira","status":"publish","type":"post","link":"https:\/\/www.r2cpress.com.br\/v1\/2011\/08\/03\/alfredo-amorim-da-silveira\/","title":{"rendered":"Alfredo Amorim da Silveira"},"content":{"rendered":"<div id=\"attachment_21161\" style=\"width: 310px\" class=\"wp-caption aligncenter\"><a href=\"http:\/\/www.r2cpress.com.br\/v1\/wp-content\/uploads\/alfredinho-contra-fotos-002.jpg\"><img aria-describedby=\"caption-attachment-21161\" loading=\"lazy\" src=\"http:\/\/www.r2cpress.com.br\/v1\/wp-content\/uploads\/alfredinho-contra-fotos-002-300x150.jpg\" alt=\"\" title=\"alfredinho contra fotos 002\" width=\"300\" height=\"150\" class=\"size-medium wp-image-21161\" srcset=\"https:\/\/www.r2cpress.com.br\/v1\/wp-content\/uploads\/alfredinho-contra-fotos-002-300x150.jpg 300w, https:\/\/www.r2cpress.com.br\/v1\/wp-content\/uploads\/alfredinho-contra-fotos-002.jpg 1024w\" sizes=\"(max-width: 300px) 100vw, 300px\" \/><\/a><p id=\"caption-attachment-21161\" class=\"wp-caption-text\">Festa no Clube Lider Social de Buerarema no dia 28 de novembro de 1959. Da direita para a esquerda: Ney de Souza Marques (Gerente do Banco da Bahia) Jos\u00e9 Sim\u00f5es de Oliveira (Contador do Banco da Bahia) Alb\u00e9rico Moreira Carneiro (Gerente da Cacau Industrial) Alberto Pessoa, voc\u00ea se lembra?! - CLIQUE PARA AMPLIAR.<\/p><\/div>\n","protected":false},"excerpt":{"rendered":"","protected":false},"author":2,"featured_media":0,"comment_status":"open","ping_status":"open","sticky":false,"template":"","format":"standard","meta":{"_links_to":"","_links_to_target":""},"categories":[10],"tags":[],"_links":{"self":[{"href":"https:\/\/www.r2cpress.com.br\/v1\/wp-json\/wp\/v2\/posts\/21160"}],"collection":[{"href":"https:\/\/www.r2cpress.com.br\/v1\/wp-json\/wp\/v2\/posts"}],"about":[{"href":"https:\/\/www.r2cpress.com.br\/v1\/wp-json\/wp\/v2\/types\/post"}],"author":[{"embeddable":true,"href":"https:\/\/www.r2cpress.com.br\/v1\/wp-json\/wp\/v2\/users\/2"}],"replies":[{"embeddable":true,"href":"https:\/\/www.r2cpress.com.br\/v1\/wp-json\/wp\/v2\/comments?post=21160"}],"version-history":[{"count":2,"href":"https:\/\/www.r2cpress.com.br\/v1\/wp-json\/wp\/v2\/posts\/21160\/revisions"}],"predecessor-version":[{"id":21163,"href":"https:\/\/www.r2cpress.com.br\/v1\/wp-json\/wp\/v2\/posts\/21160\/revisions\/21163"}],"wp:attachment":[{"href":"https:\/\/www.r2cpress.com.br\/v1\/wp-json\/wp\/v2\/media?parent=21160"}],"wp:term":[{"taxonomy":"category","embeddable":true,"href":"https:\/\/www.r2cpress.com.br\/v1\/wp-json\/wp\/v2\/categories?post=21160"},{"taxonomy":"post_tag","embeddable":true,"href":"https:\/\/www.r2cpress.com.br\/v1\/wp-json\/wp\/v2\/tags?post=21160"}],"curies":[{"name":"wp","href":"https:\/\/api.w.org\/{rel}","templated":true}]}}