{"id":21171,"date":"2011-08-03T12:33:26","date_gmt":"2011-08-03T15:33:26","guid":{"rendered":"http:\/\/www.r2cpress.com.br\/v1\/?p=21171"},"modified":"2011-08-03T12:33:26","modified_gmt":"2011-08-03T15:33:26","slug":"plano-brasil-maior","status":"publish","type":"post","link":"https:\/\/www.r2cpress.com.br\/v1\/2011\/08\/03\/plano-brasil-maior\/","title":{"rendered":"PLANO BRASIL MAIOR"},"content":{"rendered":"<p>Rabat:<\/p>\n<p>PRESIDENTE DILMA LAN\u00c7A PLANO BRASIL MAIOR<\/p>\n<p>Com o slogan \u201cInovar para competir. Competir para crescer\u201d, a presidenta da Rep\u00fablica, Dilma Rousseff, lan\u00e7ou ontem (2\/8) o Plano Brasil Maior, a nova pol\u00edtica industrial, tecnol\u00f3gica, de servi\u00e7os e de com\u00e9rcio exterior do governo federal. <\/p>\n<p>Idealizado para o per\u00edodo 2011-2014, o plano tem o objetivo de aumentar a competitividade da ind\u00fastria nacional, a partir do incentivo \u00e0 inova\u00e7\u00e3o tecnol\u00f3gica e \u00e0 agrega\u00e7\u00e3o de valor.<\/p>\n<p>Veja o Plano:<\/p>\n<p><center><\/p>\n<div style=\"width:477px\" id=\"__ss_8763880\"><strong style=\"display:block;margin:12px 0 4px\"><a href=\"http:\/\/www.slideshare.net\/r2cpress\/cartilha-brasilmaior\" title=\"Cartilha brasilmaior\">Cartilha brasilmaior<\/a><\/strong><object id=\"__sse8763880\" width=\"477\" height=\"510\"><param name=\"movie\" value=\"http:\/\/static.slidesharecdn.com\/swf\/doc_player.swf?doc=cartilhabrasilmaior-110803103039-phpapp01&#038;stripped_title=cartilha-brasilmaior&#038;userName=r2cpress\" \/><param name=\"allowFullScreen\" value=\"true\"\/><param name=\"allowScriptAccess\" value=\"always\"\/><embed name=\"__sse8763880\" src=\"http:\/\/static.slidesharecdn.com\/swf\/doc_player.swf?doc=cartilhabrasilmaior-110803103039-phpapp01&#038;stripped_title=cartilha-brasilmaior&#038;userName=r2cpress\" type=\"application\/x-shockwave-flash\" allowscriptaccess=\"always\" allowfullscreen=\"true\" width=\"477\" height=\"510\"><\/embed><\/object><\/p>\n<div style=\"padding:5px 0 12px\">View more <a href=\"http:\/\/www.slideshare.net\/\">documents<\/a> from <a href=\"http:\/\/www.slideshare.net\/r2cpress\">r2cpress<\/a>.<\/div>\n<\/div>\n<p><\/center><\/p>\n<p>&#8212;<br \/>\nCarlos da Silva Mascarenhas<br \/>\ncarlos.consultic@gmail.com<br \/>\n73 8147-0607<\/p>\n","protected":false},"excerpt":{"rendered":"<p>Rabat: PRESIDENTE DILMA LAN\u00c7A PLANO BRASIL MAIOR Com o slogan \u201cInovar para competir. Competir para crescer\u201d, a presidenta da Rep\u00fablica, Dilma Rousseff, lan\u00e7ou ontem (2\/8) o Plano Brasil Maior, a nova pol\u00edtica industrial, tecnol\u00f3gica, de servi\u00e7os e de com\u00e9rcio exterior do governo federal. Idealizado para o per\u00edodo 2011-2014, o plano tem o objetivo de aumentar [&hellip;]<\/p>\n","protected":false},"author":2,"featured_media":0,"comment_status":"open","ping_status":"open","sticky":false,"template":"","format":"standard","meta":{"_links_to":"","_links_to_target":""},"categories":[10],"tags":[],"_links":{"self":[{"href":"https:\/\/www.r2cpress.com.br\/v1\/wp-json\/wp\/v2\/posts\/21171"}],"collection":[{"href":"https:\/\/www.r2cpress.com.br\/v1\/wp-json\/wp\/v2\/posts"}],"about":[{"href":"https:\/\/www.r2cpress.com.br\/v1\/wp-json\/wp\/v2\/types\/post"}],"author":[{"embeddable":true,"href":"https:\/\/www.r2cpress.com.br\/v1\/wp-json\/wp\/v2\/users\/2"}],"replies":[{"embeddable":true,"href":"https:\/\/www.r2cpress.com.br\/v1\/wp-json\/wp\/v2\/comments?post=21171"}],"version-history":[{"count":3,"href":"https:\/\/www.r2cpress.com.br\/v1\/wp-json\/wp\/v2\/posts\/21171\/revisions"}],"predecessor-version":[{"id":21174,"href":"https:\/\/www.r2cpress.com.br\/v1\/wp-json\/wp\/v2\/posts\/21171\/revisions\/21174"}],"wp:attachment":[{"href":"https:\/\/www.r2cpress.com.br\/v1\/wp-json\/wp\/v2\/media?parent=21171"}],"wp:term":[{"taxonomy":"category","embeddable":true,"href":"https:\/\/www.r2cpress.com.br\/v1\/wp-json\/wp\/v2\/categories?post=21171"},{"taxonomy":"post_tag","embeddable":true,"href":"https:\/\/www.r2cpress.com.br\/v1\/wp-json\/wp\/v2\/tags?post=21171"}],"curies":[{"name":"wp","href":"https:\/\/api.w.org\/{rel}","templated":true}]}}