{"id":21179,"date":"2011-08-03T14:20:58","date_gmt":"2011-08-03T17:20:58","guid":{"rendered":"http:\/\/www.r2cpress.com.br\/v1\/?p=21179"},"modified":"2011-08-03T14:20:58","modified_gmt":"2011-08-03T17:20:58","slug":"a-morte-de-dona-dulce-figueiredo","status":"publish","type":"post","link":"https:\/\/www.r2cpress.com.br\/v1\/2011\/08\/03\/a-morte-de-dona-dulce-figueiredo\/","title":{"rendered":"A Morte de Dona Dulce Figueiredo"},"content":{"rendered":"<div>E falava-se horrores do Andreazza! Que estaria riqu\u00edssimo, que teria ganho de presente das empreiteiras um edif\u00edcio na beira da Lagoa Rodrigo de Freitas, que n\u00e3o tinha mais onde enfiar dinheiro.<\/div>\n<div>\n<div>N\u00e3o sei se Am\u00e1lia Lucy Geisel ainda estar\u00e1 viva. Pouco mais velha do que n\u00f3s, tinha alguns problemas de sa\u00fade. Pois bem: era professora do Col\u00e9gio Pedro II e, mesmo quando o pai era presidente, ia de casa ao trabalho de \u00f4nibus. Cansei de encontr\u00e1-la neles, ela e eu a caminho do centro do Rio.<\/div>\n<\/div>\n<div>\n<div>Meu pai chamava isso de &#8220;os tr\u00eas <strong>D\u00eas<\/strong> do milico&#8221;: <strong>D<\/strong>ec\u00eancia, <strong>D<\/strong>ecoro, <strong>D<\/strong>iscri\u00e7\u00e3o.<\/div>\n<\/div>\n<div>\n<div>\n<strong>REPASSO<\/strong><\/div>\n<div><\/div>\n<\/div>\n<div>\n<div>\n<div><strong>A Morte de Dona Dulce Figueiredo &#8211; <\/strong><\/div>\n<div><strong><a href=\"http:\/\/folha.com\/po926286\" rel=\"nofollow\" target=\"_blank\">http:\/\/folha.com\/po926286<\/a>\u00a0&#8211; 06\/06\/2011<\/strong><\/div>\n<\/div>\n<div>\n<div>\n<div>\n<div>\n<div>\n<div>\n<div>\n<div>\n<div>\n<div>\n<div>\n<div>Primeiro, morreu o Cel. M\u00e1rio Andreazza. Quando Ministro dos Transportes, foi\u00a0respons\u00e1vel pela constru\u00e7\u00e3o da ponte Rio-Niteroi, obra que teve empr\u00e9stimo ingl\u00eas de 2\u00a0bilh\u00f5es de d\u00f3lares (Sim! Dois bilh\u00f5es! De d\u00f3lares!). Os seus 37 colegas de turma\u00a0fizeram uma vaquinha para que o corpo pudesse ser transladado\u00a0para o Rio Grande do Sul.<\/div>\n<\/div>\n<\/div>\n<div>\n<div>\n<div>J\u00e1 em 2003, foi a vez de Dona Lucy Beckman Geisel. Pobre e discreta, morreu em acidente de carro na lagoa Rodrigo de Freitas.<\/div>\n<\/div>\n<\/div>\n<div>\n<div>\n<div>Hoje foi a vez da Dulce Figueiredo, que ficou vi\u00fava em 1999, do \u00faltimo presidente militar. Em 2001, devido a problemas financeiros, organizou um leil\u00e3o\u00a0para vender objetos pessoais do marido.<\/div>\n<\/div>\n<\/div>\n<div>\n<div>\n<div><\/div>\n<\/div>\n<div>\n<div>Sem coment\u00e1rio. Ditadura nenhuma \u00e9 boa, mas&#8230;Fa\u00e7a suas compara\u00e7\u00f5es e tire suas conclus\u00f5es.<\/div>\n<div><\/div>\n<div>Ab\u00e7s<\/div>\n<div><\/div>\n<div>Rodrigo<\/div>\n<\/div>\n<\/div>\n<\/div>\n<\/div>\n<\/div>\n<\/div>\n<\/div>\n<\/div>\n<\/div>\n<\/div>\n<\/div>\n<\/div>\n","protected":false},"excerpt":{"rendered":"<p>E falava-se horrores do Andreazza! Que estaria riqu\u00edssimo, que teria ganho de presente das empreiteiras um edif\u00edcio na beira da Lagoa Rodrigo de Freitas, que n\u00e3o tinha mais onde enfiar dinheiro. N\u00e3o sei se Am\u00e1lia Lucy Geisel ainda estar\u00e1 viva. Pouco mais velha do que n\u00f3s, tinha alguns problemas de sa\u00fade. Pois bem: era professora [&hellip;]<\/p>\n","protected":false},"author":2,"featured_media":0,"comment_status":"open","ping_status":"open","sticky":false,"template":"","format":"standard","meta":{"_links_to":"","_links_to_target":""},"categories":[10],"tags":[],"_links":{"self":[{"href":"https:\/\/www.r2cpress.com.br\/v1\/wp-json\/wp\/v2\/posts\/21179"}],"collection":[{"href":"https:\/\/www.r2cpress.com.br\/v1\/wp-json\/wp\/v2\/posts"}],"about":[{"href":"https:\/\/www.r2cpress.com.br\/v1\/wp-json\/wp\/v2\/types\/post"}],"author":[{"embeddable":true,"href":"https:\/\/www.r2cpress.com.br\/v1\/wp-json\/wp\/v2\/users\/2"}],"replies":[{"embeddable":true,"href":"https:\/\/www.r2cpress.com.br\/v1\/wp-json\/wp\/v2\/comments?post=21179"}],"version-history":[{"count":3,"href":"https:\/\/www.r2cpress.com.br\/v1\/wp-json\/wp\/v2\/posts\/21179\/revisions"}],"predecessor-version":[{"id":21182,"href":"https:\/\/www.r2cpress.com.br\/v1\/wp-json\/wp\/v2\/posts\/21179\/revisions\/21182"}],"wp:attachment":[{"href":"https:\/\/www.r2cpress.com.br\/v1\/wp-json\/wp\/v2\/media?parent=21179"}],"wp:term":[{"taxonomy":"category","embeddable":true,"href":"https:\/\/www.r2cpress.com.br\/v1\/wp-json\/wp\/v2\/categories?post=21179"},{"taxonomy":"post_tag","embeddable":true,"href":"https:\/\/www.r2cpress.com.br\/v1\/wp-json\/wp\/v2\/tags?post=21179"}],"curies":[{"name":"wp","href":"https:\/\/api.w.org\/{rel}","templated":true}]}}